{"id":993,"date":"2014-01-27T14:17:48","date_gmt":"2014-01-27T19:17:48","guid":{"rendered":"http:\/\/www.turistamagazine.com\/v2\/?p=993"},"modified":"2014-01-27T14:17:48","modified_gmt":"2014-01-27T19:17:48","slug":"tacna-tacnenos-esperan-que-manana-se-normalice-flujo-turistico","status":"publish","type":"post","link":"https:\/\/www.turistamagazine.com\/v2\/?p=993","title":{"rendered":"TACNA: TACNE\u00d1OS ESPERAN QUE MA\u00d1ANA SE NORMALICE FLUJO TUR\u00cdSTICO"},"content":{"rendered":"<p style=\"text-align: justify;\">El presidente de la Asamblea Nacional de Pro Marina (Promarina), Domingo Montesinos, conf\u00eda que ma\u00f1ana, martes 28, el flujo de turistas chilenos hacia Tacna se normalizar\u00e1.<\/p>\n<p style=\"text-align: justify;\">\u00a0<span style=\"text-align: justify;\">En declaraciones a la Agencia Andina, opin\u00f3 que \u00abes l\u00f3gico\u00bb que se haya dado hoy una ausencia de turistas del pa\u00eds sure\u00f1o en Tacna como \u00abuna medida de prevenci\u00f3n\u00bb que han tomado dichos visitantes.<\/span><\/p>\n<p style=\"text-align: justify;\">\u00a0Durante el fin de semana, los turistas chilenos han dejado los hoteles tacne\u00f1os y han retornado a su pa\u00eds.<\/p>\n<p style=\"text-align: justify;\">\u00a0Promarina y otras instituciones de la sociedad civil tacne\u00f1a, recibieron a trav\u00e9s de un enorme \u00e9cran, el fallo de La Haya desde el Teatro Municipal de Tacna.<\/p>\n<p style=\"text-align: justify;\">Domingo Montesinos hizo el pedido para tomar este fallo hist\u00f3rico con \u00abcalma, tranquilidad y prudencia, sin triunfalismos\u00bb. F\/<\/p>\n<p>Por Jose Vadillo Vila, enviado especial<\/p>\n","protected":false},"excerpt":{"rendered":"<p>El presidente de la Asamblea Nacional de Pro Marina (Promarina), Domingo Montesinos, conf\u00eda que ma\u00f1ana, martes 28, el flujo de turistas chilenos hacia Tacna se normalizar\u00e1. \u00a0En declaraciones a la Agencia Andina, opin\u00f3 que \u00abes l\u00f3gico\u00bb que se haya dado hoy una ausencia de turistas del pa\u00eds sure\u00f1o en Tacna como \u00abuna medida de prevenci\u00f3n\u00bb que han tomado dichos visitantes. \u00a0Durante el fin de semana, los turistas chilenos han dejado los hoteles tacne\u00f1os y han retornado a su pa\u00eds. \u00a0Promarina y otras instituciones de la sociedad civil tacne\u00f1a, recibieron a trav\u00e9s de un enorme \u00e9cran, el fallo de La Haya&#8230;<\/p>\n","protected":false},"author":1,"featured_media":0,"comment_status":"open","ping_status":"open","sticky":false,"template":"","format":"standard","meta":{"footnotes":""},"categories":[4,82],"tags":[312,138],"class_list":["post-993","post","type-post","status-publish","format-standard","hentry","category-breaking-news","category-nacionales","tag-asamblea-nacional-de-pro-marina","tag-tacna"],"_links":{"self":[{"href":"https:\/\/www.turistamagazine.com\/v2\/index.php?rest_route=\/wp\/v2\/posts\/993","targetHints":{"allow":["GET"]}}],"collection":[{"href":"https:\/\/www.turistamagazine.com\/v2\/index.php?rest_route=\/wp\/v2\/posts"}],"about":[{"href":"https:\/\/www.turistamagazine.com\/v2\/index.php?rest_route=\/wp\/v2\/types\/post"}],"author":[{"embeddable":true,"href":"https:\/\/www.turistamagazine.com\/v2\/index.php?rest_route=\/wp\/v2\/users\/1"}],"replies":[{"embeddable":true,"href":"https:\/\/www.turistamagazine.com\/v2\/index.php?rest_route=%2Fwp%2Fv2%2Fcomments&post=993"}],"version-history":[{"count":2,"href":"https:\/\/www.turistamagazine.com\/v2\/index.php?rest_route=\/wp\/v2\/posts\/993\/revisions"}],"predecessor-version":[{"id":996,"href":"https:\/\/www.turistamagazine.com\/v2\/index.php?rest_route=\/wp\/v2\/posts\/993\/revisions\/996"}],"wp:attachment":[{"href":"https:\/\/www.turistamagazine.com\/v2\/index.php?rest_route=%2Fwp%2Fv2%2Fmedia&parent=993"}],"wp:term":[{"taxonomy":"category","embeddable":true,"href":"https:\/\/www.turistamagazine.com\/v2\/index.php?rest_route=%2Fwp%2Fv2%2Fcategories&post=993"},{"taxonomy":"post_tag","embeddable":true,"href":"https:\/\/www.turistamagazine.com\/v2\/index.php?rest_route=%2Fwp%2Fv2%2Ftags&post=993"}],"curies":[{"name":"wp","href":"https:\/\/api.w.org\/{rel}","templated":true}]}}