{"id":989,"date":"2014-01-27T14:13:17","date_gmt":"2014-01-27T19:13:17","guid":{"rendered":"http:\/\/www.turistamagazine.com\/v2\/?p=989"},"modified":"2014-01-27T14:13:17","modified_gmt":"2014-01-27T19:13:17","slug":"peru-corte-de-la-haya-definio-limite-maritimo-entre-peru-y-chile","status":"publish","type":"post","link":"https:\/\/www.turistamagazine.com\/v2\/?p=989","title":{"rendered":"PERU: CORTE DE LA HAYA DEFINI\u00d3 L\u00cdMITE MAR\u00cdTIMO ENTRE PER\u00da Y CHILE"},"content":{"rendered":"<p>La frontera mar\u00edtima entre Per\u00fa y Chile qued\u00f3 definida mediante una l\u00ednea paralela de 80 millas na\u00faticas, la cual contin\u00faa con un trazo equidistante hasta las 200 millas, seg\u00fan el veredicto final de La Corte Internacional de Justicia (CIJ) de La Haya, que es inapelable y obligatorio.<\/p>\n<p>El tribunal no se pronunci\u00f3 expresamente sobre el \u00e1rea conocida como el \u201ctri\u00e1ngulo exterior\u201d, solicitado por el Per\u00fa, debido a que se encuentra dentro del \u00e1rea establecida por la corte como peruana.<\/p>\n<p>La sentencia le\u00edda por el presidente de la CIJ, Peter Tomka, sobre la controversia de l\u00edmites mar\u00edtimos entre Per\u00fa y Chile, se\u00f1ala que el punto de partida de la frontera es la intersecci\u00f3n del paralelo que parte del Hito 1 con la l\u00ednea de baja marea.<\/p>\n<p>\u201cLa Corte establece que la frontera sigue una l\u00ednea paralela (&#8230;) hasta las ochenta millas y a partir de ah\u00ed adquiere una direcci\u00f3n sureste hasta un punto B, bajando (en l\u00ednea recta y a la altura de las 200 millas) hasta un punto C\u00bb, afirm\u00f3 al dar lectura al fallo.<\/p>\n<p>La corte reconoci\u00f3 que en el Convenio de Zona Especial Fronteriza Mar\u00edtima de 1954 se afirmaba que ya hab\u00eda un l\u00edmite mar\u00edtimo entendido como un acuerdo t\u00e1cito \u201cpara todo efecto\u201d.<\/p>\n<p>All\u00ed se estableci\u00f3 que el punto de inicio del l\u00edmite mar\u00edtimo es la intersecci\u00f3n del paralelo que pasa por el hito 1 con la l\u00ednea de baja marea, y que puede ser distinto al l\u00edmite terrestre, tema que no fue objeto de pronunciamiento por el tribunal.<\/p>\n<p>Como se conoce el Punto Concordia fue establecido como el punto final del l\u00edmite terrestre conforme al Tratado de 1929.<\/p>\n<p>La CIJ tambi\u00e9n refiri\u00f3 que la Declaraci\u00f3n de Santiago de 1952 se dio para proteger recursos naturales \u00aby no para el establecimiento de l\u00edmites\u00bb.<\/p>\n<p>El juez eslovaco empez\u00f3 la lectura a las 09:00 horas de Per\u00fa, haciendo referencia a los antecedentes hist\u00f3ricos de la controversia y a los principales alegatos planteados en el proceso contencioso entre los dos pa\u00edses.<\/p>\n<p>Posteriormente, se refiri\u00f3 a la naturaleza de los acuerdos de 1952 (Declaraci\u00f3n de Santiago) y de 1954 (Convenio de Zona Especial Fronteriza Mar\u00edtima), aludidos por Chile para asegurar que la frontera mar\u00edtima con Per\u00fa ya habr\u00eda sido delimitada.<\/p>\n<p>&nbsp;<\/p>\n","protected":false},"excerpt":{"rendered":"<p>La frontera mar\u00edtima entre Per\u00fa y Chile qued\u00f3 definida mediante una l\u00ednea paralela de 80 millas na\u00faticas, la cual contin\u00faa con un trazo equidistante hasta las 200 millas, seg\u00fan el veredicto final de La Corte Internacional de Justicia (CIJ) de La Haya, que es inapelable y obligatorio. El tribunal no se pronunci\u00f3 expresamente sobre el \u00e1rea conocida como el \u201ctri\u00e1ngulo exterior\u201d, solicitado por el Per\u00fa, debido a que se encuentra dentro del \u00e1rea establecida por la corte como peruana. La sentencia le\u00edda por el presidente de la CIJ, Peter Tomka, sobre la controversia de l\u00edmites mar\u00edtimos entre Per\u00fa y Chile,&#8230;<\/p>\n","protected":false},"author":1,"featured_media":0,"comment_status":"open","ping_status":"open","sticky":false,"template":"","format":"standard","meta":{"footnotes":""},"categories":[4,82],"tags":[310,311,161],"class_list":["post-989","post","type-post","status-publish","format-standard","hentry","category-breaking-news","category-nacionales","tag-convenio-de-zona-especial-fronteriza-maritima","tag-declaracion-de-santiago-de-1952","tag-peru-y-chile"],"_links":{"self":[{"href":"https:\/\/www.turistamagazine.com\/v2\/index.php?rest_route=\/wp\/v2\/posts\/989","targetHints":{"allow":["GET"]}}],"collection":[{"href":"https:\/\/www.turistamagazine.com\/v2\/index.php?rest_route=\/wp\/v2\/posts"}],"about":[{"href":"https:\/\/www.turistamagazine.com\/v2\/index.php?rest_route=\/wp\/v2\/types\/post"}],"author":[{"embeddable":true,"href":"https:\/\/www.turistamagazine.com\/v2\/index.php?rest_route=\/wp\/v2\/users\/1"}],"replies":[{"embeddable":true,"href":"https:\/\/www.turistamagazine.com\/v2\/index.php?rest_route=%2Fwp%2Fv2%2Fcomments&post=989"}],"version-history":[{"count":1,"href":"https:\/\/www.turistamagazine.com\/v2\/index.php?rest_route=\/wp\/v2\/posts\/989\/revisions"}],"predecessor-version":[{"id":991,"href":"https:\/\/www.turistamagazine.com\/v2\/index.php?rest_route=\/wp\/v2\/posts\/989\/revisions\/991"}],"wp:attachment":[{"href":"https:\/\/www.turistamagazine.com\/v2\/index.php?rest_route=%2Fwp%2Fv2%2Fmedia&parent=989"}],"wp:term":[{"taxonomy":"category","embeddable":true,"href":"https:\/\/www.turistamagazine.com\/v2\/index.php?rest_route=%2Fwp%2Fv2%2Fcategories&post=989"},{"taxonomy":"post_tag","embeddable":true,"href":"https:\/\/www.turistamagazine.com\/v2\/index.php?rest_route=%2Fwp%2Fv2%2Ftags&post=989"}],"curies":[{"name":"wp","href":"https:\/\/api.w.org\/{rel}","templated":true}]}}