{"id":984,"date":"2014-01-27T14:06:47","date_gmt":"2014-01-27T19:06:47","guid":{"rendered":"http:\/\/www.turistamagazine.com\/v2\/?p=984"},"modified":"2014-01-27T14:13:51","modified_gmt":"2014-01-27T19:13:51","slug":"peru-la-haya-reconocio-a-peru-espacio-maritimo-de-unos-50000-kilometros-cuadrados","status":"publish","type":"post","link":"https:\/\/www.turistamagazine.com\/v2\/?p=984","title":{"rendered":"PERU: LA HAYA RECONOCI\u00d3 A PER\u00da ESPACIO MAR\u00cdTIMO DE UNOS 50,000 KIL\u00d3METROS CUADRADOS"},"content":{"rendered":"<p style=\"text-align: justify;\">El presidente Ollanta Humala Tasso destac\u00f3 hoy que la Corte Internacional de Justicia (CIJ) de La Haya reconoci\u00f3 a Per\u00fa, en su fallo final sobre el diferendo mar\u00edtimo con Chile, un espacio que se puede calcular en unos 50,000 kil\u00f3metros cuadrados de derechos soberanos para el pa\u00eds.<\/p>\n<p style=\"text-align: justify;\">\u00a0\u00abPer\u00fa puede sentirse satisfecho de la labor cumplida y que ha permitido el reconocimiento de derechos soberanos sobre un espacio mar\u00edtimo de alrededor de 50,000 kil\u00f3metros cuadrados, lo que representa m\u00e1s del 70 por ciento del total de nuestra demanda\u00bb, manifest\u00f3 en un pronunciamiento en Palacio de Gobierno.<\/p>\n<p style=\"text-align: justify;\">\u00a0Se\u00f1al\u00f3 que Per\u00fa se encuentra complacido con el resultado de esta opci\u00f3n de paz.<\/p>\n<p style=\"text-align: justify;\">\u00a0\u00abHoy podemos proclamar la victoria de la paz, que es la victoria de todos, que es la victoria del pueblo peruano\u00bb, subray\u00f3. F\/ANDINA<\/p>\n<p>&nbsp;<\/p>\n","protected":false},"excerpt":{"rendered":"<p>El presidente Ollanta Humala Tasso destac\u00f3 hoy que la Corte Internacional de Justicia (CIJ) de La Haya reconoci\u00f3 a Per\u00fa, en su fallo final sobre el diferendo mar\u00edtimo con Chile, un espacio que se puede calcular en unos 50,000 kil\u00f3metros cuadrados de derechos soberanos para el pa\u00eds. \u00a0\u00abPer\u00fa puede sentirse satisfecho de la labor cumplida y que ha permitido el reconocimiento de derechos soberanos sobre un espacio mar\u00edtimo de alrededor de 50,000 kil\u00f3metros cuadrados, lo que representa m\u00e1s del 70 por ciento del total de nuestra demanda\u00bb, manifest\u00f3 en un pronunciamiento en Palacio de Gobierno. \u00a0Se\u00f1al\u00f3 que Per\u00fa se encuentra&#8230;<\/p>\n","protected":false},"author":1,"featured_media":0,"comment_status":"open","ping_status":"open","sticky":false,"template":"","format":"standard","meta":{"footnotes":""},"categories":[4,82],"tags":[309,236,161],"class_list":["post-984","post","type-post","status-publish","format-standard","hentry","category-breaking-news","category-nacionales","tag-la-corte-de-la-haya","tag-ollanta-humala","tag-peru-y-chile"],"_links":{"self":[{"href":"https:\/\/www.turistamagazine.com\/v2\/index.php?rest_route=\/wp\/v2\/posts\/984","targetHints":{"allow":["GET"]}}],"collection":[{"href":"https:\/\/www.turistamagazine.com\/v2\/index.php?rest_route=\/wp\/v2\/posts"}],"about":[{"href":"https:\/\/www.turistamagazine.com\/v2\/index.php?rest_route=\/wp\/v2\/types\/post"}],"author":[{"embeddable":true,"href":"https:\/\/www.turistamagazine.com\/v2\/index.php?rest_route=\/wp\/v2\/users\/1"}],"replies":[{"embeddable":true,"href":"https:\/\/www.turistamagazine.com\/v2\/index.php?rest_route=%2Fwp%2Fv2%2Fcomments&post=984"}],"version-history":[{"count":4,"href":"https:\/\/www.turistamagazine.com\/v2\/index.php?rest_route=\/wp\/v2\/posts\/984\/revisions"}],"predecessor-version":[{"id":992,"href":"https:\/\/www.turistamagazine.com\/v2\/index.php?rest_route=\/wp\/v2\/posts\/984\/revisions\/992"}],"wp:attachment":[{"href":"https:\/\/www.turistamagazine.com\/v2\/index.php?rest_route=%2Fwp%2Fv2%2Fmedia&parent=984"}],"wp:term":[{"taxonomy":"category","embeddable":true,"href":"https:\/\/www.turistamagazine.com\/v2\/index.php?rest_route=%2Fwp%2Fv2%2Fcategories&post=984"},{"taxonomy":"post_tag","embeddable":true,"href":"https:\/\/www.turistamagazine.com\/v2\/index.php?rest_route=%2Fwp%2Fv2%2Ftags&post=984"}],"curies":[{"name":"wp","href":"https:\/\/api.w.org\/{rel}","templated":true}]}}