{"id":9784,"date":"2015-01-08T08:42:37","date_gmt":"2015-01-08T13:42:37","guid":{"rendered":"http:\/\/www.turistamagazine.com\/v2\/?p=9784"},"modified":"2015-01-08T08:42:37","modified_gmt":"2015-01-08T13:42:37","slug":"charlie-hebdo-volvera-a-publicarse-la-semana-proxima-anuncian","status":"publish","type":"post","link":"https:\/\/www.turistamagazine.com\/v2\/?p=9784","title":{"rendered":"CHARLIE HEBDO* \u00abVOLVER\u00c1 A PUBLICARSE LA SEMANA PR\u00d3XIMA\u00bb, ANUNCIAN"},"content":{"rendered":"<p style=\"text-align: justify;\">\u00a008:00. Par\u00eds, ene. 08. El semanario Charlie Hebdo, blanco de un ataque el mi\u00e9rcoles que mat\u00f3 a 12 personas en Par\u00eds, volver\u00e1 a publicarse la semana pr\u00f3xima, anunci\u00f3 uno de sus cronistas, Patrick Pelloux.<\/p>\n<p style=\"text-align: justify;\"><span style=\"color: #000080;\"><strong><em>\u00abVamos a seguir, decidimos volver a salir la semana pr\u00f3xima. Estamos todos de acuerdo\u00bb, dijo Pelloux, que es adem\u00e1s m\u00e9dico.<\/em><\/strong><\/span><\/p>\n<p style=\"text-align: justify;\"><span style=\"color: #000080;\"><strong><em>\u00abLo vamos a hacer en casa, nos las vamos a arreglar\u00bb, a<\/em><\/strong><\/span>greg\u00f3, precisando que actualmente no hay acceso a los locales de la sede del semanario a causa de la investigaci\u00f3n.<\/p>\n<p style=\"text-align: justify;\">\u00abEs una situaci\u00f3n muy dura, estamos todos con nuestra pena, nuestro dolor, nuestros miedos, pero lo vamos a hacer de todas formas, porque la estupidez no va a ganar. Charb (director de la publicaci\u00f3n, muerto el mi\u00e9rcoles en el atentado) siempre dec\u00eda que la revista ten\u00eda que salir, cueste lo que cueste\u00bb, agreg\u00f3 el cronista.<\/p>\n<p style=\"text-align: justify;\">El equipo de Charlie Hebdo sostuvo una reuni\u00f3n hacia el mediod\u00eda para hablar sobre el futuro del semanario, explic\u00f3 a la AFP G\u00e9rard Biard, jefe de redacci\u00f3n de la revista sat\u00edrica.<\/p>\n<p style=\"text-align: justify;\">Entre las doce v\u00edctimas del ataque del mi\u00e9rcoles figuran cinco dibujantes de Charlie Hebdo, Charb, Wolinski, Cabu, Tignous y Honor\u00e9, as\u00ed como el economista Bernard Maris.<\/p>\n<p style=\"text-align: justify;\"><span style=\"color: #000080;\"><strong><em>Nuestra m\u00e1s sentidas \u00a0condolencias a los familiares de los colegas franceses , y todo el rechazo a la violencia \u00a0e insan\u00eda terrorista.\u00a0<\/em><\/strong><\/span><\/p>\n<p>Foto: AFP de Portada<\/p>\n<p>F\/ Andina<\/p>\n<ul>\n<li>HEBDO = a HEBDOMADAIRE ( semanario)<\/li>\n<\/ul>\n","protected":false},"excerpt":{"rendered":"<p>\u00a008:00. Par\u00eds, ene. 08. El semanario Charlie Hebdo, blanco de un ataque el mi\u00e9rcoles que mat\u00f3 a 12 personas en Par\u00eds, volver\u00e1 a publicarse la semana pr\u00f3xima, anunci\u00f3 uno de sus cronistas, Patrick Pelloux. \u00abVamos a seguir, decidimos volver a salir la semana pr\u00f3xima. Estamos todos de acuerdo\u00bb, dijo Pelloux, que es adem\u00e1s m\u00e9dico. \u00abLo vamos a hacer en casa, nos las vamos a arreglar\u00bb, agreg\u00f3, precisando que actualmente no hay acceso a los locales de la sede del semanario a causa de la investigaci\u00f3n. \u00abEs una situaci\u00f3n muy dura, estamos todos con nuestra pena, nuestro dolor, nuestros miedos, pero&#8230;<\/p>\n","protected":false},"author":1,"featured_media":0,"comment_status":"open","ping_status":"open","sticky":false,"template":"","format":"standard","meta":{"footnotes":""},"categories":[4,84],"tags":[3620,471],"class_list":["post-9784","post","type-post","status-publish","format-standard","hentry","category-breaking-news","category-internacionales","tag-charlie-hebdo","tag-francia"],"_links":{"self":[{"href":"https:\/\/www.turistamagazine.com\/v2\/index.php?rest_route=\/wp\/v2\/posts\/9784","targetHints":{"allow":["GET"]}}],"collection":[{"href":"https:\/\/www.turistamagazine.com\/v2\/index.php?rest_route=\/wp\/v2\/posts"}],"about":[{"href":"https:\/\/www.turistamagazine.com\/v2\/index.php?rest_route=\/wp\/v2\/types\/post"}],"author":[{"embeddable":true,"href":"https:\/\/www.turistamagazine.com\/v2\/index.php?rest_route=\/wp\/v2\/users\/1"}],"replies":[{"embeddable":true,"href":"https:\/\/www.turistamagazine.com\/v2\/index.php?rest_route=%2Fwp%2Fv2%2Fcomments&post=9784"}],"version-history":[{"count":3,"href":"https:\/\/www.turistamagazine.com\/v2\/index.php?rest_route=\/wp\/v2\/posts\/9784\/revisions"}],"predecessor-version":[{"id":9788,"href":"https:\/\/www.turistamagazine.com\/v2\/index.php?rest_route=\/wp\/v2\/posts\/9784\/revisions\/9788"}],"wp:attachment":[{"href":"https:\/\/www.turistamagazine.com\/v2\/index.php?rest_route=%2Fwp%2Fv2%2Fmedia&parent=9784"}],"wp:term":[{"taxonomy":"category","embeddable":true,"href":"https:\/\/www.turistamagazine.com\/v2\/index.php?rest_route=%2Fwp%2Fv2%2Fcategories&post=9784"},{"taxonomy":"post_tag","embeddable":true,"href":"https:\/\/www.turistamagazine.com\/v2\/index.php?rest_route=%2Fwp%2Fv2%2Ftags&post=9784"}],"curies":[{"name":"wp","href":"https:\/\/api.w.org\/{rel}","templated":true}]}}