{"id":974,"date":"2014-01-27T13:20:10","date_gmt":"2014-01-27T13:20:10","guid":{"rendered":"http:\/\/www.turistamagazine.com\/v2\/?p=974"},"modified":"2014-01-27T13:22:46","modified_gmt":"2014-01-27T13:22:46","slug":"peru-la-nueva-emigracion-espanola-en-peru-fortalecera-el-turismo","status":"publish","type":"post","link":"https:\/\/www.turistamagazine.com\/v2\/?p=974","title":{"rendered":"PERU: LA NUEVA EMIGRACI\u00d3N ESPA\u00d1OLA EN PER\u00da FORTALECER\u00c1 EL TURISMO"},"content":{"rendered":"<p style=\"text-align: justify;\">Cada vez es m\u00e1s habitual encontrarse con espa\u00f1oles trabajando en Per\u00fa, una de las econom\u00edas emergentes de Latinoam\u00e9rica, y esta nueva emigraci\u00f3n, a medio plazo, fortalecer\u00e1 el sector tur\u00edstico de dicho pa\u00eds, al reforzar los v\u00ednculos con Espa\u00f1a y Europa. As\u00ed lo apunta la directora de turismo de Promper\u00fa, Mar\u00eda del Carmen Reparaz, que ha viajado a Fitur esta semana.<\/p>\n<p style=\"text-align: justify;\">Seg\u00fan las previsiones del gobierno peruano, la econom\u00eda de este pa\u00eds creci\u00f3 un 5,7% el a\u00f1o pasado. Y empieza a ser frecuente, explica Reparaz, ver espa\u00f1oles trabajando en las ciudades o en explotaciones agrarias.<\/p>\n<p style=\"text-align: justify;\">A ello se suma la presencia de varias multinacionales espa\u00f1olas en Per\u00fa, dado que Espa\u00f1a es el principal inversor extranjero en el pa\u00eds andino.<\/p>\n<p style=\"text-align: justify;\">En 2013 llegaron a Per\u00fa un total de 3,2 millones de viajeros, de los que 110.000 eran espa\u00f1oles. Ello significa que Espa\u00f1a es el primer mercado europeo y el cuarto mundial despu\u00e9s de Chile, Estados Unidos y Argentina.<\/p>\n<p style=\"text-align: justify;\">\u00abLa llegada de espa\u00f1oles a Per\u00fa viene creciendo desde 2009, pero no s\u00f3lo debido al turismo\u00bb, explica Mar\u00eda del Carmen de Reparaz. En cualquier caso, la directora de Promper\u00fa, que se reuni\u00f3 en Fitur con turoperadores y aerol\u00edneas espa\u00f1olas, cree que Per\u00fa es un destino que se vende sin problemas en Espa\u00f1a gracias a la intensa labor de promoci\u00f3n llevada a cabo en la \u00faltima d\u00e9cada, y que ha incluido cursos de formaci\u00f3n para agentes de viajes, viajes de familiarizaci\u00f3n, etc.<\/p>\n<p style=\"text-align: justify;\">Adem\u00e1s, la nueva emigraci\u00f3n espa\u00f1ola en el pa\u00eds andino reforzar\u00e1 los v\u00ednculos con Espa\u00f1a, de modo que esas personas actuar\u00e1n en el futuro como \u00abembajadores\u00bb de la marca Per\u00fa en Europa, seg\u00fan apunta Reparaz.<\/p>\n<p style=\"text-align: justify;\">Promoci\u00f3n en Fitur<\/p>\n<p style=\"text-align: justify;\">Durante Fitur, Per\u00fa ha recordado que un 60 % de su territorio es selva, un reclamo que desde este pa\u00eds se est\u00e1 promocionando como atractivo tur\u00edstico. El turismo gastron\u00f3mico tambi\u00e9n es uno de los platos fuertes de este destino.<\/p>\n<p style=\"text-align: justify;\">En cuanto a la \u00abjoya\u00bb de Per\u00fa, el recinto arqueol\u00f3gico de Machu Picchu, la responsable de Promper\u00fa precis\u00f3 que el Gobierno trabaja en una \u00abpol\u00edtica\u00bb para reordenar el importante flujo de visitantes que llega a este lugar, Patrimonio de la Humanidad. Este plan, si se cumplen los plazos previstos, estar\u00e1 listo en un a\u00f1o.<\/p>\n<p style=\"text-align: justify;\"><span style=\"color: #000080;\"><strong><em>Por otra parte, Per\u00fa ha resultado ganador del concurso de Fitur al \u00abMejor Producto de Turismo Activo de Naturaleza Internacional\u00bb, por el \u00abParque Nacional el Manu, tesoro amaz\u00f3nico\u00bb, reconocido por la UNESCO como Patrimonio de la Humanidad.<\/em><\/strong><\/span><\/p>\n","protected":false},"excerpt":{"rendered":"<p>Cada vez es m\u00e1s habitual encontrarse con espa\u00f1oles trabajando en Per\u00fa, una de las econom\u00edas emergentes de Latinoam\u00e9rica, y esta nueva emigraci\u00f3n, a medio plazo, fortalecer\u00e1 el sector tur\u00edstico de dicho pa\u00eds, al reforzar los v\u00ednculos con Espa\u00f1a y Europa. As\u00ed lo apunta la directora de turismo de Promper\u00fa, Mar\u00eda del Carmen Reparaz, que ha viajado a Fitur esta semana. Seg\u00fan las previsiones del gobierno peruano, la econom\u00eda de este pa\u00eds creci\u00f3 un 5,7% el a\u00f1o pasado. Y empieza a ser frecuente, explica Reparaz, ver espa\u00f1oles trabajando en las ciudades o en explotaciones agrarias. A ello se suma la presencia&#8230;<\/p>\n","protected":false},"author":1,"featured_media":0,"comment_status":"open","ping_status":"open","sticky":false,"template":"","format":"standard","meta":{"footnotes":""},"categories":[4,82],"tags":[127,305,308,307,306,117],"class_list":["post-974","post","type-post","status-publish","format-standard","hentry","category-breaking-news","category-nacionales","tag-fitur-2014","tag-maria-del-carmen-de-reparaz","tag-marketing-de-destinos","tag-patrimonio-de-la-humanidad","tag-peru-en-fitur","tag-promocion-turistica"],"_links":{"self":[{"href":"https:\/\/www.turistamagazine.com\/v2\/index.php?rest_route=\/wp\/v2\/posts\/974","targetHints":{"allow":["GET"]}}],"collection":[{"href":"https:\/\/www.turistamagazine.com\/v2\/index.php?rest_route=\/wp\/v2\/posts"}],"about":[{"href":"https:\/\/www.turistamagazine.com\/v2\/index.php?rest_route=\/wp\/v2\/types\/post"}],"author":[{"embeddable":true,"href":"https:\/\/www.turistamagazine.com\/v2\/index.php?rest_route=\/wp\/v2\/users\/1"}],"replies":[{"embeddable":true,"href":"https:\/\/www.turistamagazine.com\/v2\/index.php?rest_route=%2Fwp%2Fv2%2Fcomments&post=974"}],"version-history":[{"count":3,"href":"https:\/\/www.turistamagazine.com\/v2\/index.php?rest_route=\/wp\/v2\/posts\/974\/revisions"}],"predecessor-version":[{"id":976,"href":"https:\/\/www.turistamagazine.com\/v2\/index.php?rest_route=\/wp\/v2\/posts\/974\/revisions\/976"}],"wp:attachment":[{"href":"https:\/\/www.turistamagazine.com\/v2\/index.php?rest_route=%2Fwp%2Fv2%2Fmedia&parent=974"}],"wp:term":[{"taxonomy":"category","embeddable":true,"href":"https:\/\/www.turistamagazine.com\/v2\/index.php?rest_route=%2Fwp%2Fv2%2Fcategories&post=974"},{"taxonomy":"post_tag","embeddable":true,"href":"https:\/\/www.turistamagazine.com\/v2\/index.php?rest_route=%2Fwp%2Fv2%2Ftags&post=974"}],"curies":[{"name":"wp","href":"https:\/\/api.w.org\/{rel}","templated":true}]}}