{"id":9683,"date":"2014-12-29T11:52:02","date_gmt":"2014-12-29T16:52:02","guid":{"rendered":"http:\/\/www.turistamagazine.com\/v2\/?p=9683"},"modified":"2014-12-29T11:52:02","modified_gmt":"2014-12-29T16:52:02","slug":"incendio-de-ferry-en-el-mar-adriatico-dejo-7-personas-muertas","status":"publish","type":"post","link":"https:\/\/www.turistamagazine.com\/v2\/?p=9683","title":{"rendered":"INCENDIO DE FERRY EN EL MAR ADRI\u00c1TICO DEJ\u00d3 7 PERSONAS MUERTAS"},"content":{"rendered":"<p>29 DICIEMBRE, 2014-Evacuaci\u00f3n de pasajeros de la embarcaci\u00f3n se dio por concluida. A bordo permanece el capit\u00e1n y cuatro miembros de la Marina italiana.<\/p>\n<p>El balance del incendio del ferry Norman Atlantic en el mar Adri\u00e1tico es de siete personas muertas tras el descubrimiento de otros dos cuerpos en la embarcaci\u00f3n, indic\u00f3 este lunes la marina italiana.<\/p>\n<p>\u201cSe han descubierto dos cuerpos, el total de muertos es ahora de siete\u201d, dijeron los guardacostas italianos en Twitter. El balance anterior era de cinco muertos.<\/p>\n<p>La evacuaci\u00f3n del ferry se dio por concluida, seg\u00fan anunci\u00f3 el primer ministro italiano, Matteo Renzi. A bordo del ferry, en el que viajaban 478 personas, quedaban solamente el capit\u00e1n y cuatro miembros de la Marina.<\/p>\n<p>El ferry Norman Atlantic, de bandera italiana, sufri\u00f3 un incendio en la madrugada del domingo mientras navegaba al noroeste de Corf\u00fa. El ferry viajaba entre la ciudad griega de Patras y la italiana Ancona<\/p>\n<p>Los pasajeros del ferry son mayoritariamente griegos (268), aunque tambi\u00e9n hay turcos (54), italianos (44), albaneses (22), alemanes (18), suizos (10) y franceses (nueve); tambi\u00e9n hay rusos, austriacos, brit\u00e1nicos y holandeses, aunque las informaciones son algo confusas. A bordo llevaba 466 pasajeros, m\u00e1s 55 miembros de la tripulaci\u00f3n (22 italianos y 34 griegos) y 222 veh\u00edculos en bodega.<\/p>\n<p>Todo apunta a que en el garaje se origin\u00f3 un incendio, hacia las cuatro y media de la madrugada del domingo. Cuando el capit\u00e1n dio la orden de evacuaci\u00f3n, al parecer solo 170 personas encontraron sitio en los botes salvavidas. Aunque las informaciones son contradictorias, algunos testimonios recogidos por medios italianos apuntan a que el incendio habr\u00eda inutilizado el sistema el\u00e9ctrico que permite echar todos los botes al mar. En un primer momento algunos pasajeros, presa del p\u00e1nico, se tiraron al mar seg\u00fan cuenta el peri\u00f3dico italiano La Rep\u00fablica.<\/p>\n<p>F\/ \u00a0pERU 21\/Hosteltur<\/p>\n","protected":false},"excerpt":{"rendered":"<p>29 DICIEMBRE, 2014-Evacuaci\u00f3n de pasajeros de la embarcaci\u00f3n se dio por concluida. A bordo permanece el capit\u00e1n y cuatro miembros de la Marina italiana. El balance del incendio del ferry Norman Atlantic en el mar Adri\u00e1tico es de siete personas muertas tras el descubrimiento de otros dos cuerpos en la embarcaci\u00f3n, indic\u00f3 este lunes la marina italiana. \u201cSe han descubierto dos cuerpos, el total de muertos es ahora de siete\u201d, dijeron los guardacostas italianos en Twitter. El balance anterior era de cinco muertos. La evacuaci\u00f3n del ferry se dio por concluida, seg\u00fan anunci\u00f3 el primer ministro italiano, Matteo Renzi. A&#8230;<\/p>\n","protected":false},"author":1,"featured_media":0,"comment_status":"open","ping_status":"open","sticky":false,"template":"","format":"standard","meta":{"footnotes":""},"categories":[4,84],"tags":[3600,3601,797],"class_list":["post-9683","post","type-post","status-publish","format-standard","hentry","category-breaking-news","category-internacionales","tag-el-ferry-norman-atlantic","tag-incendio-de-ferry-en-italia","tag-italia"],"_links":{"self":[{"href":"https:\/\/www.turistamagazine.com\/v2\/index.php?rest_route=\/wp\/v2\/posts\/9683","targetHints":{"allow":["GET"]}}],"collection":[{"href":"https:\/\/www.turistamagazine.com\/v2\/index.php?rest_route=\/wp\/v2\/posts"}],"about":[{"href":"https:\/\/www.turistamagazine.com\/v2\/index.php?rest_route=\/wp\/v2\/types\/post"}],"author":[{"embeddable":true,"href":"https:\/\/www.turistamagazine.com\/v2\/index.php?rest_route=\/wp\/v2\/users\/1"}],"replies":[{"embeddable":true,"href":"https:\/\/www.turistamagazine.com\/v2\/index.php?rest_route=%2Fwp%2Fv2%2Fcomments&post=9683"}],"version-history":[{"count":2,"href":"https:\/\/www.turistamagazine.com\/v2\/index.php?rest_route=\/wp\/v2\/posts\/9683\/revisions"}],"predecessor-version":[{"id":9686,"href":"https:\/\/www.turistamagazine.com\/v2\/index.php?rest_route=\/wp\/v2\/posts\/9683\/revisions\/9686"}],"wp:attachment":[{"href":"https:\/\/www.turistamagazine.com\/v2\/index.php?rest_route=%2Fwp%2Fv2%2Fmedia&parent=9683"}],"wp:term":[{"taxonomy":"category","embeddable":true,"href":"https:\/\/www.turistamagazine.com\/v2\/index.php?rest_route=%2Fwp%2Fv2%2Fcategories&post=9683"},{"taxonomy":"post_tag","embeddable":true,"href":"https:\/\/www.turistamagazine.com\/v2\/index.php?rest_route=%2Fwp%2Fv2%2Ftags&post=9683"}],"curies":[{"name":"wp","href":"https:\/\/api.w.org\/{rel}","templated":true}]}}