{"id":9609,"date":"2014-12-22T09:43:43","date_gmt":"2014-12-22T14:43:43","guid":{"rendered":"http:\/\/www.turistamagazine.com\/v2\/?p=9609"},"modified":"2014-12-22T09:43:43","modified_gmt":"2014-12-22T14:43:43","slug":"un-ano-mas-me-encanta-la-navidad","status":"publish","type":"post","link":"https:\/\/www.turistamagazine.com\/v2\/?p=9609","title":{"rendered":"\u00a1\u00a1UN A\u00d1O M\u00c1S, ME ENCANTA LA NAVIDAD!!"},"content":{"rendered":"<p style=\"text-align: justify;\">Por.\u00a0Enrique Sancho *<\/p>\n<p style=\"text-align: justify;\">Vale, ya s\u00e9 que la frase no se estila, que lo moderno es repudiar las celebraciones, huir de estos d\u00edas de comidas copiosas, compras compulsivas, falsas felicidades&#8230; Ya s\u00e9 que lo habitual es quejarse del derroche, de las comidas y cenas de empresa y familia, de todo lo que rodea estas fechas.<\/p>\n<p>Bueno, pues a pesar de todo, a m\u00ed <em><span style=\"color: #000080;\"><strong>\u00a1me encanta la Navidad!<\/strong> <\/span><\/em>Me gustan las luces en las calles y me quejo de que este a\u00f1o, otra vez, sean m\u00e1s flojas que nunca tal vez porque tambi\u00e9n al Ayuntamiento le afecta la subida de la luz, me gusta encontrar gente cargada de paquetes, me parece estupendo que todos nos deseemos felicidad y lo mejor para el a\u00f1o nuevo, incluso entre los que apenas nos conocemos.<\/p>\n<p>Es verdad que me gustan m\u00e1s las navidades de antes, <em><span style=\"color: #000080;\"><strong>cuando la gente enviaba \u201ccrismas\u201d de Ferr\u00e1ndiz en lugar de mandar wassap, cuando se hac\u00edan las compras en las calles llenas de gente en lugar de encargarlas a Groupon por Internet y cuando esa misma gente con la que te cruzabas sonre\u00eda en lugar de andar cabizbajos mientras teclean el iphone&#8230;<\/strong><\/span><\/em><strong> <\/strong>Pero, en fin, nada hay perfecto.<\/p>\n<p>Naturalmente me gustan los belenes, el m\u00edo tiene figuras grandes y poco espacio, <span style=\"color: #000080;\"><em><strong>por lo que prescind\u00ed del buey y la mula mucho antes de que el ex-papa Benedicto dijese que no existieron<\/strong>,<\/em><\/span> pero, eso s\u00ed, pongo montones de cacharros y adornitos tra\u00eddos de todo el mundo, con lo que ahora parece <em><span style=\"color: #000080;\"><strong>una \u201cquedada\u201d de tres pastores<\/strong> <\/span><\/em>con una muestra de cestos, cajas de fruta, c\u00e1ntaros, jarras y peque\u00f1as jaulas que recuerdan m\u00e1s un Supercor que un pesebre en Bel\u00e9n<strong>.<\/strong> Pero como soy moderno, tambi\u00e9n tengo \u00e1rbol de Navidad, con luces que parpadean, bolas, guirnaldas y una estrella grande en la copa.<\/p>\n<p>Tengo que reconocer que me emociono con algunos villancicos y que cada vez que escucho \u201cNoche de Paz\u201d, que fue creada por el cura Joseph Mohr en 1818 en cualquiera de los 350 idiomas a que ha sido traducida, se me saltan las l\u00e1grimas. Por cierto que este villancico <em><span style=\"color: #000080;\"><strong>fue interpretado a la vez en ingl\u00e9s y alem\u00e1n por los combatientes de ambos frentes en la Tregua de Navidad de 1914 durante la Primera Guerra Mundial<\/strong><strong>;<\/strong><\/span><\/em><strong> <\/strong>no est\u00e1 mal recordarlo ahora que se cumplen 100 a\u00f1os de aquella locura. \u00a1Ojal\u00e1 lo hubieran repetido muchas veces m\u00e1s!<\/p>\n<p>Pues eso, <strong><em><span style=\"color: #000080;\">disfruto de la Navidad y me gustar\u00eda que t\u00fa tambi\u00e9n lo hiciera<\/span><\/em>s<\/strong>. Y si no es as\u00ed, pues no nos vamos a enfadar. Ya sabes, son d\u00edas de paz y amor, como en los buenos tiempos.<\/p>\n<p>Desde OPEN COMUNICACI\u00d3N te deseamos lo m\u00e1s t\u00edpico: <span style=\"color: #000080;\"><strong>FELIZ NAVIDAD Y BUEN A\u00d1O NUEVO<\/strong><\/span> (lo de <span style=\"color: #000080;\"><em><strong>pr\u00f3spero<\/strong><\/em><\/span> parece un poco fuerte con la que sigue cayendo).<a href=\"https:\/\/www.turistamagazine.com\/v2\/wp-content\/uploads\/2014\/12\/navidad1.jpg\"><img decoding=\"async\" class=\"aligncenter size-medium wp-image-9611\" title=\"navidad1\" src=\"https:\/\/www.turistamagazine.com\/v2\/wp-content\/uploads\/2014\/12\/navidad1-300x212.jpg\" alt=\"\" width=\"300\" height=\"212\" \/><\/a><\/p>\n<p><strong>*OPEN COMUNICACI\u00d3N<\/p>\n<p><\/strong><\/p>\n<p style=\"text-align: center;\"><strong><br \/>\n<\/strong><\/p>\n","protected":false},"excerpt":{"rendered":"<p>Por.\u00a0Enrique Sancho * Vale, ya s\u00e9 que la frase no se estila, que lo moderno es repudiar las celebraciones, huir de estos d\u00edas de comidas copiosas, compras compulsivas, falsas felicidades&#8230; Ya s\u00e9 que lo habitual es quejarse del derroche, de las comidas y cenas de empresa y familia, de todo lo que rodea estas fechas. Bueno, pues a pesar de todo, a m\u00ed \u00a1me encanta la Navidad! Me gustan las luces en las calles y me quejo de que este a\u00f1o, otra vez, sean m\u00e1s flojas que nunca tal vez porque tambi\u00e9n al Ayuntamiento le afecta la subida de la&#8230;<\/p>\n","protected":false},"author":1,"featured_media":0,"comment_status":"open","ping_status":"open","sticky":false,"template":"","format":"standard","meta":{"footnotes":""},"categories":[90],"tags":[3591],"class_list":["post-9609","post","type-post","status-publish","format-standard","hentry","category-pensando-en-voz-alta","tag-me-gusta-la-navidad"],"_links":{"self":[{"href":"https:\/\/www.turistamagazine.com\/v2\/index.php?rest_route=\/wp\/v2\/posts\/9609","targetHints":{"allow":["GET"]}}],"collection":[{"href":"https:\/\/www.turistamagazine.com\/v2\/index.php?rest_route=\/wp\/v2\/posts"}],"about":[{"href":"https:\/\/www.turistamagazine.com\/v2\/index.php?rest_route=\/wp\/v2\/types\/post"}],"author":[{"embeddable":true,"href":"https:\/\/www.turistamagazine.com\/v2\/index.php?rest_route=\/wp\/v2\/users\/1"}],"replies":[{"embeddable":true,"href":"https:\/\/www.turistamagazine.com\/v2\/index.php?rest_route=%2Fwp%2Fv2%2Fcomments&post=9609"}],"version-history":[{"count":1,"href":"https:\/\/www.turistamagazine.com\/v2\/index.php?rest_route=\/wp\/v2\/posts\/9609\/revisions"}],"predecessor-version":[{"id":9613,"href":"https:\/\/www.turistamagazine.com\/v2\/index.php?rest_route=\/wp\/v2\/posts\/9609\/revisions\/9613"}],"wp:attachment":[{"href":"https:\/\/www.turistamagazine.com\/v2\/index.php?rest_route=%2Fwp%2Fv2%2Fmedia&parent=9609"}],"wp:term":[{"taxonomy":"category","embeddable":true,"href":"https:\/\/www.turistamagazine.com\/v2\/index.php?rest_route=%2Fwp%2Fv2%2Fcategories&post=9609"},{"taxonomy":"post_tag","embeddable":true,"href":"https:\/\/www.turistamagazine.com\/v2\/index.php?rest_route=%2Fwp%2Fv2%2Ftags&post=9609"}],"curies":[{"name":"wp","href":"https:\/\/api.w.org\/{rel}","templated":true}]}}