{"id":955,"date":"2014-01-27T12:30:54","date_gmt":"2014-01-27T12:30:54","guid":{"rendered":"http:\/\/www.turistamagazine.com\/v2\/?p=955"},"modified":"2014-01-27T12:50:21","modified_gmt":"2014-01-27T12:50:21","slug":"peru-mincetur-cerraran-camino-inca-para-su-mantenimiento","status":"publish","type":"post","link":"https:\/\/www.turistamagazine.com\/v2\/?p=955","title":{"rendered":"PERU: MINCETUR CERRAR\u00c1N CAMINO INCA PARA SU MANTENIMIENTO"},"content":{"rendered":"<p style=\"text-align: justify;\">El Ministerio de Comercio Exterior y Turismo inform\u00f3 que en febrero pr\u00f3ximo se cerrar\u00e1 la Red de Caminos Inca para iniciar los trabajos de mantenimiento y conservaci\u00f3n de esa v\u00eda que conduce a la ciudadela de Machu Picchu.<\/p>\n<p style=\"text-align: justify;\">\u00a0Los t\u00e9cnicos y profesionales le dar\u00e1n tratamiento a los pisos deteriorados, arreglar\u00e1n las terrazas, restablecer\u00e1n las \u00e1reas de camping, cortar\u00e1n el exceso de vegetaci\u00f3n, entre otras labores.<\/p>\n<p style=\"text-align: justify;\">\u00a0Por esa raz\u00f3n, los visitantes podr\u00e1n solo podr\u00e1n ingresar a la ciudadela de Machu Picchu por el acceso principal. \u201cLos turistas podr\u00e1n continuar visitando Machu Picchu, pues lo \u00fanico que se cierra es el Camino Inca, para darle mantenimiento a esta red de 40 kil\u00f3metros\u201d, explic\u00f3 Magali Silva, ministra de Comercio Exterior y Turismo.<\/p>\n<p style=\"text-align: justify;\">\u00a0Resalt\u00f3 que desde el a\u00f1o 2002 se cumple con este cierre en cumplimiento del reglamento del sitio arqueol\u00f3gico.<\/p>\n","protected":false},"excerpt":{"rendered":"<p>El Ministerio de Comercio Exterior y Turismo inform\u00f3 que en febrero pr\u00f3ximo se cerrar\u00e1 la Red de Caminos Inca para iniciar los trabajos de mantenimiento y conservaci\u00f3n de esa v\u00eda que conduce a la ciudadela de Machu Picchu. \u00a0Los t\u00e9cnicos y profesionales le dar\u00e1n tratamiento a los pisos deteriorados, arreglar\u00e1n las terrazas, restablecer\u00e1n las \u00e1reas de camping, cortar\u00e1n el exceso de vegetaci\u00f3n, entre otras labores. \u00a0Por esa raz\u00f3n, los visitantes podr\u00e1n solo podr\u00e1n ingresar a la ciudadela de Machu Picchu por el acceso principal. \u201cLos turistas podr\u00e1n continuar visitando Machu Picchu, pues lo \u00fanico que se cierra es el Camino&#8230;<\/p>\n","protected":false},"author":1,"featured_media":0,"comment_status":"open","ping_status":"open","sticky":false,"template":"","format":"standard","meta":{"footnotes":""},"categories":[4,82],"tags":[297,298,134,196,299],"class_list":["post-955","post","type-post","status-publish","format-standard","hentry","category-breaking-news","category-nacionales","tag-camino-inca","tag-ciudadela-de-machu-picchu","tag-cusco","tag-ministerio-de-comercio-exterior-y-turismo","tag-turismo-peruano"],"_links":{"self":[{"href":"https:\/\/www.turistamagazine.com\/v2\/index.php?rest_route=\/wp\/v2\/posts\/955","targetHints":{"allow":["GET"]}}],"collection":[{"href":"https:\/\/www.turistamagazine.com\/v2\/index.php?rest_route=\/wp\/v2\/posts"}],"about":[{"href":"https:\/\/www.turistamagazine.com\/v2\/index.php?rest_route=\/wp\/v2\/types\/post"}],"author":[{"embeddable":true,"href":"https:\/\/www.turistamagazine.com\/v2\/index.php?rest_route=\/wp\/v2\/users\/1"}],"replies":[{"embeddable":true,"href":"https:\/\/www.turistamagazine.com\/v2\/index.php?rest_route=%2Fwp%2Fv2%2Fcomments&post=955"}],"version-history":[{"count":4,"href":"https:\/\/www.turistamagazine.com\/v2\/index.php?rest_route=\/wp\/v2\/posts\/955\/revisions"}],"predecessor-version":[{"id":961,"href":"https:\/\/www.turistamagazine.com\/v2\/index.php?rest_route=\/wp\/v2\/posts\/955\/revisions\/961"}],"wp:attachment":[{"href":"https:\/\/www.turistamagazine.com\/v2\/index.php?rest_route=%2Fwp%2Fv2%2Fmedia&parent=955"}],"wp:term":[{"taxonomy":"category","embeddable":true,"href":"https:\/\/www.turistamagazine.com\/v2\/index.php?rest_route=%2Fwp%2Fv2%2Fcategories&post=955"},{"taxonomy":"post_tag","embeddable":true,"href":"https:\/\/www.turistamagazine.com\/v2\/index.php?rest_route=%2Fwp%2Fv2%2Ftags&post=955"}],"curies":[{"name":"wp","href":"https:\/\/api.w.org\/{rel}","templated":true}]}}