{"id":951,"date":"2014-01-27T12:28:09","date_gmt":"2014-01-27T12:28:09","guid":{"rendered":"http:\/\/www.turistamagazine.com\/v2\/?p=951"},"modified":"2014-01-27T12:28:09","modified_gmt":"2014-01-27T12:28:09","slug":"peru-congreso-aprobo-viaje-de-humala-para-la-cumbre-del-celac-en-cuba","status":"publish","type":"post","link":"https:\/\/www.turistamagazine.com\/v2\/?p=951","title":{"rendered":"PERU: CONGRESO APROB\u00d3 VIAJE DE HUMALA PARA LA CUMBRE DEL CELAC EN CUBA"},"content":{"rendered":"<p style=\"text-align: justify;\">La Comisi\u00f3n Permanente del Congreso aprob\u00f3 el viaje del mandatario peruano, Ollanta Humala a la II Cumbre de la Comunidad de Estados Latinoamericanos y Caribe\u00f1os (Celac), que se llevar\u00e1 a cabo en la ciudad La Habana, en Cuba.<\/p>\n<p style=\"text-align: justify;\">\u00a0La cumbre se realizar\u00e1 los d\u00edas 28 y 29 de enero en La Habana, un d\u00eda despu\u00e9s del fallo de La Haya en la capital cubana, y que tendr\u00e1 como tema central la lucha contra el hambre, la pobreza y las desigualdades en Am\u00e9rica Latina y el Caribe.<\/p>\n<p style=\"text-align: justify;\">\u00a0Adem\u00e1s, el Parlamento aprob\u00f3 por unanimidad la asistencia de Humala a Colombia, para asistir a la VIII Cumbre de la Alianza del Pac\u00edfico del 9 al 12 de febrero, inform\u00f3 Andina.<\/p>\n<p style=\"text-align: justify;\">\u00a0En dicha reuni\u00f3n de la Alianza del Pac\u00edfico, se har\u00e1 una revisi\u00f3n del avance de los compromisos asumidos por el citado bloque.<\/p>\n<p style=\"text-align: justify;\">\u00a0En tanto, el presidente chileno Sebasti\u00e1n Pi\u00f1era habr\u00eda tomado la decisi\u00f3n de no ir a Cuba por la proximidad del fallo con el viaje, y que \u201cla posibilidad de asistir a la cumbre solo podr\u00eda atribuirse a un cambio de planes\u201d, seg\u00fan fuentes de gobienro chileno a Emol. F\/Andina<\/p>\n","protected":false},"excerpt":{"rendered":"<p>La Comisi\u00f3n Permanente del Congreso aprob\u00f3 el viaje del mandatario peruano, Ollanta Humala a la II Cumbre de la Comunidad de Estados Latinoamericanos y Caribe\u00f1os (Celac), que se llevar\u00e1 a cabo en la ciudad La Habana, en Cuba. \u00a0La cumbre se realizar\u00e1 los d\u00edas 28 y 29 de enero en La Habana, un d\u00eda despu\u00e9s del fallo de La Haya en la capital cubana, y que tendr\u00e1 como tema central la lucha contra el hambre, la pobreza y las desigualdades en Am\u00e9rica Latina y el Caribe. \u00a0Adem\u00e1s, el Parlamento aprob\u00f3 por unanimidad la asistencia de Humala a Colombia, para asistir&#8230;<\/p>\n","protected":false},"author":1,"featured_media":0,"comment_status":"open","ping_status":"open","sticky":false,"template":"","format":"standard","meta":{"footnotes":""},"categories":[4,82],"tags":[295,293,96,294,236,296],"class_list":["post-951","post","type-post","status-publish","format-standard","hentry","category-breaking-news","category-nacionales","tag-celac","tag-comision-permanente-del-congreso","tag-cruceros-a-la-habana","tag-ii-cumbre-de-la-comunidad-de-estados-latinoamericanos-y-caribenos","tag-ollanta-humala","tag-sebastian-pinera"],"_links":{"self":[{"href":"https:\/\/www.turistamagazine.com\/v2\/index.php?rest_route=\/wp\/v2\/posts\/951","targetHints":{"allow":["GET"]}}],"collection":[{"href":"https:\/\/www.turistamagazine.com\/v2\/index.php?rest_route=\/wp\/v2\/posts"}],"about":[{"href":"https:\/\/www.turistamagazine.com\/v2\/index.php?rest_route=\/wp\/v2\/types\/post"}],"author":[{"embeddable":true,"href":"https:\/\/www.turistamagazine.com\/v2\/index.php?rest_route=\/wp\/v2\/users\/1"}],"replies":[{"embeddable":true,"href":"https:\/\/www.turistamagazine.com\/v2\/index.php?rest_route=%2Fwp%2Fv2%2Fcomments&post=951"}],"version-history":[{"count":1,"href":"https:\/\/www.turistamagazine.com\/v2\/index.php?rest_route=\/wp\/v2\/posts\/951\/revisions"}],"predecessor-version":[{"id":954,"href":"https:\/\/www.turistamagazine.com\/v2\/index.php?rest_route=\/wp\/v2\/posts\/951\/revisions\/954"}],"wp:attachment":[{"href":"https:\/\/www.turistamagazine.com\/v2\/index.php?rest_route=%2Fwp%2Fv2%2Fmedia&parent=951"}],"wp:term":[{"taxonomy":"category","embeddable":true,"href":"https:\/\/www.turistamagazine.com\/v2\/index.php?rest_route=%2Fwp%2Fv2%2Fcategories&post=951"},{"taxonomy":"post_tag","embeddable":true,"href":"https:\/\/www.turistamagazine.com\/v2\/index.php?rest_route=%2Fwp%2Fv2%2Ftags&post=951"}],"curies":[{"name":"wp","href":"https:\/\/api.w.org\/{rel}","templated":true}]}}