{"id":9394,"date":"2014-12-12T06:30:02","date_gmt":"2014-12-12T11:30:02","guid":{"rendered":"http:\/\/www.turistamagazine.com\/v2\/?p=9394"},"modified":"2014-12-12T06:30:02","modified_gmt":"2014-12-12T11:30:02","slug":"estado-empresa-y-organizaciones-de-la-sociedad-civil-se-unen-por-la-madera-legal","status":"publish","type":"post","link":"https:\/\/www.turistamagazine.com\/v2\/?p=9394","title":{"rendered":"ESTADO, EMPRESA Y ORGANIZACIONES DE LA SOCIEDAD CIVIL SE UNEN POR LA MADERA LEGAL"},"content":{"rendered":"<p style=\"text-align: justify;\"><strong>Lima, 12 de diciembre de 2014.- <\/strong>En el marco de la reuni\u00f3n internacional de la COP20, los ministros de Agricultura y Riego, Vivienda Construcci\u00f3n y Saneamiento, Comercio Exterior y Turismo, Desarrollo e Inclusi\u00f3n y Producci\u00f3n en alianza con empresas y organizaciones de la sociedad civil suscribieron una declaraci\u00f3n de intenci\u00f3n del Pacto Nacional por la Madera Legal a fin que al a\u00f1o 2021 la madera comercializada en el pa\u00eds sea \u00fanicamente de origen legal.<\/p>\n<p style=\"text-align: justify;\">El compromiso fue suscrito en el Pabell\u00f3n Bosques\u00a0 de la Feria de Voces por el Clima por los titulares del MINAGRI, Juan Manuel Benites; Vivienda, Construcci\u00f3n y Saneamiento (MVCS), Milton von Hesse; Comercio Exterior y Turismo, Magali Silva; Desarrollo e Inclusi\u00f3n Social, Paola Bustamante y Producci\u00f3n, Piero Ghezzi.<\/p>\n<p style=\"text-align: justify;\">As\u00ed, como por los representantes de la empresa privada, la Asociaci\u00f3n Inter\u00e9tnica de Desarrollo de la Selva Peruana (AIDESEP) y la Confederaci\u00f3n de Nacionalidades Amaz\u00f3nicas del Per\u00fa (CONAP), entre otras instituciones.<\/p>\n<p style=\"text-align: justify;\">\u00a0<span style=\"color: #000080;\"><strong>Uso de madera en viviendas<\/strong><\/span><\/p>\n<p style=\"text-align: justify;\">El titular del MVCS, Milton von Hesse, mostr\u00f3 su satisfacci\u00f3n por la firma de la declaraci\u00f3n porque por muchos a\u00f1os se discute el futuro de esta industria. \u201cLa madera es un producto con enorme potencial, pero que representa menos del 1% del Producto Bruto Interno, debido a la falta de un consenso nacional, en la que se ha priorizado el corto plazo y no una visi\u00f3n de largo plazo\u201d, apunt\u00f3.<\/p>\n<p style=\"text-align: justify;\">Remarc\u00f3 que su despacho empezar\u00e1 dar se\u00f1ales para que la madera que consume el sector sea legal. \u201cEl ministerio trabajar\u00e1 para que las construcciones de viviendas se utilicen madera legal\u201d, dijo.<\/p>\n<p style=\"text-align: justify;\">Anunci\u00f3 que en los pr\u00f3ximos d\u00edas se publicar\u00e1 el C\u00f3digo T\u00e9cnico de Construcci\u00f3n Sostenible, el mismo que pondr\u00e1 promover\u00e1 el uso de la madera legal en la construcci\u00f3n de viviendas.<\/p>\n<p style=\"text-align: justify;\"><span style=\"color: #000080;\">\u00a0<strong>Pacto Nacional<\/strong><\/span><\/p>\n<p style=\"text-align: justify;\">Para el cumplimiento de esta expresi\u00f3n de voluntad, se realizar\u00e1 un trabajo de preparaci\u00f3n, desarrollo de capacidades, articulaci\u00f3n de sectores, dise\u00f1o y ejecuci\u00f3n de una estrategia que incluya acciones de corto y largo plazo.<\/p>\n<p style=\"text-align: justify;\">\u00a0A su turno, el ministro Juan Benites expres\u00f3 que con esta medida el Estado ratifica su compromiso de impulsar el consumo de madera legal, por medio de la aplicaci\u00f3n de pol\u00edticas de incentivos al manejo forestal sostenible y la reforestaci\u00f3n, as\u00ed como desincentivos a la compra de madera ilegal.<\/p>\n<p style=\"text-align: justify;\"><span style=\"color: #000080;\"><strong><em>\u201cTodas estas acciones representan incentivos concretos a la empresa privada para establecer y ejecutar pol\u00edticas de compras responsables, que obliguen a productores a demostrar que la madera proviene de fuentes legales\u201d<\/em><\/strong><\/span>, se\u00f1al\u00f3 el ministro.<\/p>\n<p style=\"text-align: justify;\">\u00a0Dijo que a partir del presente acuerdo, los productores y extractores de madera estar\u00e1n motivados por precio, mercado y apoyo estatal a producir o extraer solo madera bajo las leyes y est\u00e1ndares nacionales, \u201clo que contribuir\u00e1 tambi\u00e9n a cuidar nuestros bosques\u201d.<\/p>\n<p style=\"text-align: justify;\"><span style=\"color: #000080;\"><strong><em>\u00a0El Per\u00fa ocupa ahora el d\u00e9cimo lugar en el ranking de los pa\u00edses con mayor extensi\u00f3n de bosques en el mundo con 70 millones de hect\u00e1reas, tomando en cuenta que m\u00e1s del 50% del territorio nacional est\u00e1 cubierto por \u00e1reas boscosas, principalmente concentrada en la Amazon\u00eda.<\/em><\/strong><\/span><\/p>\n<p>&nbsp;<\/p>\n","protected":false},"excerpt":{"rendered":"<p>Lima, 12 de diciembre de 2014.- En el marco de la reuni\u00f3n internacional de la COP20, los ministros de Agricultura y Riego, Vivienda Construcci\u00f3n y Saneamiento, Comercio Exterior y Turismo, Desarrollo e Inclusi\u00f3n y Producci\u00f3n en alianza con empresas y organizaciones de la sociedad civil suscribieron una declaraci\u00f3n de intenci\u00f3n del Pacto Nacional por la Madera Legal a fin que al a\u00f1o 2021 la madera comercializada en el pa\u00eds sea \u00fanicamente de origen legal. El compromiso fue suscrito en el Pabell\u00f3n Bosques\u00a0 de la Feria de Voces por el Clima por los titulares del MINAGRI, Juan Manuel Benites; Vivienda, Construcci\u00f3n&#8230;<\/p>\n","protected":false},"author":1,"featured_media":0,"comment_status":"open","ping_status":"open","sticky":false,"template":"","format":"standard","meta":{"footnotes":""},"categories":[91],"tags":[3513,3516,660,3515,3518,3517,3514,3519,3520],"class_list":["post-9394","post","type-post","status-publish","format-standard","hentry","category-por-siempre-verde","tag-bosques-de-la-feria-de-voces-por-el-clima","tag-construccion-y-saneamiento-mvcs","tag-cop20","tag-juan-manuel-benites-vivienda","tag-magali-silva-desarrollo-e-inclusion-social","tag-milton-von-hesse-comercio-exterior-y-turismo","tag-minagri","tag-paola-bustamante-y-produccion","tag-piero-ghezzi"],"_links":{"self":[{"href":"https:\/\/www.turistamagazine.com\/v2\/index.php?rest_route=\/wp\/v2\/posts\/9394","targetHints":{"allow":["GET"]}}],"collection":[{"href":"https:\/\/www.turistamagazine.com\/v2\/index.php?rest_route=\/wp\/v2\/posts"}],"about":[{"href":"https:\/\/www.turistamagazine.com\/v2\/index.php?rest_route=\/wp\/v2\/types\/post"}],"author":[{"embeddable":true,"href":"https:\/\/www.turistamagazine.com\/v2\/index.php?rest_route=\/wp\/v2\/users\/1"}],"replies":[{"embeddable":true,"href":"https:\/\/www.turistamagazine.com\/v2\/index.php?rest_route=%2Fwp%2Fv2%2Fcomments&post=9394"}],"version-history":[{"count":2,"href":"https:\/\/www.turistamagazine.com\/v2\/index.php?rest_route=\/wp\/v2\/posts\/9394\/revisions"}],"predecessor-version":[{"id":9398,"href":"https:\/\/www.turistamagazine.com\/v2\/index.php?rest_route=\/wp\/v2\/posts\/9394\/revisions\/9398"}],"wp:attachment":[{"href":"https:\/\/www.turistamagazine.com\/v2\/index.php?rest_route=%2Fwp%2Fv2%2Fmedia&parent=9394"}],"wp:term":[{"taxonomy":"category","embeddable":true,"href":"https:\/\/www.turistamagazine.com\/v2\/index.php?rest_route=%2Fwp%2Fv2%2Fcategories&post=9394"},{"taxonomy":"post_tag","embeddable":true,"href":"https:\/\/www.turistamagazine.com\/v2\/index.php?rest_route=%2Fwp%2Fv2%2Ftags&post=9394"}],"curies":[{"name":"wp","href":"https:\/\/api.w.org\/{rel}","templated":true}]}}