{"id":9359,"date":"2014-12-10T11:54:26","date_gmt":"2014-12-10T16:54:26","guid":{"rendered":"http:\/\/www.turistamagazine.com\/v2\/?p=9359"},"modified":"2014-12-10T11:54:26","modified_gmt":"2014-12-10T16:54:26","slug":"inkaterra-publica-libro-de-lujo-sobre-el-senor-de-los-milagros","status":"publish","type":"post","link":"https:\/\/www.turistamagazine.com\/v2\/?p=9359","title":{"rendered":"INKATERRA PUBLICA LIBRO DE LUJO SOBRE EL SE\u00d1OR DE LOS MILAGROS"},"content":{"rendered":"<p style=\"text-align: justify;\">Con el objetivo de difundir los valores naturales y culturales del Per\u00fa, la cadena de hoteles Inkaterra ha publicado el libro Se\u00f1or de los Milagros. Unidos todos como una fuerza, hagamos grande nuestro Per\u00fa.<\/p>\n<p style=\"text-align: justify;\">\u00a0Se trata de un hito en la historia de la fiesta morada; una obra que enaltece una de las experiencias de fe m\u00e1s conmovedoras del mundo, la cual enfatiza nuestra Peruanidad.<\/p>\n<p style=\"text-align: justify;\">\u00a0Este libro de lujo, de gran formato y tapa dura, se present\u00f3 el jueves 6 de noviembre en el Palacio Arzobispal de Lima, en la Plaza de Armas. Los presentadores fueron Su Eminencia Juan Luis Cipriani Thorne, Arzobispo de Lima y Primado del Per\u00fa, quien ha dedicado unas palabras al pr\u00f3logo de esta edici\u00f3n; la Viceministra de Comercio Exterior y Turismo, Mar\u00eca del Carmen de Reparaz; el Obispo Auxiliar de Lima, Monse\u00f1or Ra\u00fal Chau; el historiador Luis Enrique Tord; y el presidente de Inkaterra, Jos\u00e9 Koechlin.<\/p>\n<p style=\"text-align: justify;\">\u00a0Se trata de la m\u00e1s completa investigaci\u00f3n gr\u00e1fica sobre el Se\u00f1or de los Milagros a cargo de las fot\u00f3grafas Cecilia Durand y Marcela Delgado (Editorial Rayo Verde).<\/p>\n<p style=\"text-align: justify;\">Esta permite descubrir la historia del Se\u00f1or de los Milagros desde los or\u00edgenes de la tradici\u00f3n en la Lima del siglo XVII, hasta su representaci\u00f3n en el arte peruanoy su actual presencia en el extranjero.<\/p>\n<p style=\"text-align: justify;\">\u00a0El compendio de im\u00e1genes \u2013muchas de ellas nunca vistas\u2013 de diversos archivos y varios fot\u00f3grafos, ofrecen distintas miradas que le otorgan al libro un car\u00e1cter procesional. Acompa\u00f1a una minuciosa cr\u00f3nica que recorre m\u00e1s de tres siglos de historia, abordando los siguientes temas:<\/p>\n<p style=\"text-align: justify;\"><strong><em><span style=\"color: #000080;\">\u00a0Contexto hist\u00f3rico del Mural de Pachacamilla<\/span><\/em><\/strong><\/p>\n<p style=\"text-align: justify;\"><strong><em><span style=\"color: #000080;\">Detalles e infograf\u00eda de las andaso Or\u00edgenes de la procesi\u00f3n de Octubre<\/span><\/em><\/strong><\/p>\n<p style=\"text-align: justify;\"><strong><em><span style=\"color: #000080;\">\u00a0Los Presidentes y autoridades que han saludado al Cristo Moreno<\/span><\/em><\/strong><\/p>\n<p style=\"text-align: justify;\"><strong><em><span style=\"color: #000080;\">\u00a0La Hermandad y los personajes del Se\u00f1or de los Milagros<\/span><\/em><\/strong><\/p>\n<p style=\"text-align: justify;\"><strong><em><span style=\"color: #000080;\">\u00a0Galer\u00eda del Se\u00f1or de los Milagros en el arte peruano<\/span><\/em><\/strong><\/p>\n<p style=\"text-align: justify;\"><strong><em><span style=\"color: #000080;\">\u00a0La tradici\u00f3n alrededor del mundo.<\/span><\/em><\/strong><\/p>\n<p style=\"text-align: justify;\"><strong><em><span style=\"color: #000080;\">\u00a0<\/span><\/em><\/strong><strong><em><span style=\"color: #000080;\">Asimismo, la venta de este libro contribuir\u00e1 a la obra social realizada por las Asimismo, la venta de este libro contribuir\u00e1 a la obra social realizada por las<\/span><\/em><\/strong><\/p>\n<p style=\"text-align: justify;\"><strong><em><span style=\"color: #000080;\">Madres del Monasterio de Nazarenas Carmelitas Descalzas, quienes no solo<\/span><\/em><\/strong><\/p>\n<p style=\"text-align: justify;\"><strong><em><span style=\"color: #000080;\">custodian a la sagrada imagen del Se\u00f1or de los Milagros, sino tambi\u00e9n dan<\/span><\/em><\/strong><\/p>\n<p style=\"text-align: justify;\"><strong><em><span style=\"color: #000080;\">alimento a los m\u00e1s necesitados durante todo el a\u00f1o.<\/span><\/em><\/strong><\/p>\n<p style=\"text-align: justify;\"><strong><em><span style=\"color: #000080;\">Si usted desea adquirir el libro o solicitar informaci\u00f3n adicional, por favor<\/span><\/em><\/strong><\/p>\n<p style=\"text-align: justify;\"><strong><em><span style=\"color: #000080;\">escr\u00edbanos al correo pressinfo@inkaterra.com o llame al (+51) 610-0400.<\/span><\/em><\/strong><\/p>\n<p style=\"text-align: justify;\">Foto de portada:<\/p>\n<p>Carlos L\u00f3pez\u00a0 al lado del Cardenal Cipriani, su asistente el Obispo Chau, Jose Koechlin Presidente de INKATERRA<\/p>\n<p>&nbsp;<\/p>\n","protected":false},"excerpt":{"rendered":"<p>Con el objetivo de difundir los valores naturales y culturales del Per\u00fa, la cadena de hoteles Inkaterra ha publicado el libro Se\u00f1or de los Milagros. Unidos todos como una fuerza, hagamos grande nuestro Per\u00fa. \u00a0Se trata de un hito en la historia de la fiesta morada; una obra que enaltece una de las experiencias de fe m\u00e1s conmovedoras del mundo, la cual enfatiza nuestra Peruanidad. \u00a0Este libro de lujo, de gran formato y tapa dura, se present\u00f3 el jueves 6 de noviembre en el Palacio Arzobispal de Lima, en la Plaza de Armas. Los presentadores fueron Su Eminencia Juan Luis&#8230;<\/p>\n","protected":false},"author":1,"featured_media":0,"comment_status":"open","ping_status":"open","sticky":false,"template":"","format":"standard","meta":{"footnotes":""},"categories":[4,82],"tags":[3504],"class_list":["post-9359","post","type-post","status-publish","format-standard","hentry","category-breaking-news","category-nacionales","tag-libro-sobre-el-sr-de-los-milagros"],"_links":{"self":[{"href":"https:\/\/www.turistamagazine.com\/v2\/index.php?rest_route=\/wp\/v2\/posts\/9359","targetHints":{"allow":["GET"]}}],"collection":[{"href":"https:\/\/www.turistamagazine.com\/v2\/index.php?rest_route=\/wp\/v2\/posts"}],"about":[{"href":"https:\/\/www.turistamagazine.com\/v2\/index.php?rest_route=\/wp\/v2\/types\/post"}],"author":[{"embeddable":true,"href":"https:\/\/www.turistamagazine.com\/v2\/index.php?rest_route=\/wp\/v2\/users\/1"}],"replies":[{"embeddable":true,"href":"https:\/\/www.turistamagazine.com\/v2\/index.php?rest_route=%2Fwp%2Fv2%2Fcomments&post=9359"}],"version-history":[{"count":2,"href":"https:\/\/www.turistamagazine.com\/v2\/index.php?rest_route=\/wp\/v2\/posts\/9359\/revisions"}],"predecessor-version":[{"id":9362,"href":"https:\/\/www.turistamagazine.com\/v2\/index.php?rest_route=\/wp\/v2\/posts\/9359\/revisions\/9362"}],"wp:attachment":[{"href":"https:\/\/www.turistamagazine.com\/v2\/index.php?rest_route=%2Fwp%2Fv2%2Fmedia&parent=9359"}],"wp:term":[{"taxonomy":"category","embeddable":true,"href":"https:\/\/www.turistamagazine.com\/v2\/index.php?rest_route=%2Fwp%2Fv2%2Fcategories&post=9359"},{"taxonomy":"post_tag","embeddable":true,"href":"https:\/\/www.turistamagazine.com\/v2\/index.php?rest_route=%2Fwp%2Fv2%2Ftags&post=9359"}],"curies":[{"name":"wp","href":"https:\/\/api.w.org\/{rel}","templated":true}]}}