{"id":9310,"date":"2014-12-09T09:01:37","date_gmt":"2014-12-09T14:01:37","guid":{"rendered":"http:\/\/www.turistamagazine.com\/v2\/?p=9310"},"modified":"2014-12-09T10:59:08","modified_gmt":"2014-12-09T15:59:08","slug":"conversando-con-clavel-garibay-directora-del-marketing-del-jw-marriott","status":"publish","type":"post","link":"https:\/\/www.turistamagazine.com\/v2\/?p=9310","title":{"rendered":"CONVERSANDO CON CLAVEL GARIBAY DIRECTORA DEL MARKETING DEL JW MARRIOTT"},"content":{"rendered":"<p style=\"text-align: justify;\"><span style=\"color: #000080;\"><strong><em>Nuestra entrevistada de la semana es\u00a0 la directora de Marketing del Marriott Clavel Garibay con quien sostuvimos una amena charla en el acogedor bar del Marriott \u00a0viendo un maravilloso Sunset, ella es mexicana y tiene reci\u00e9n tres meses en Per\u00fa. <\/em><\/strong><\/span><\/p>\n<p style=\"text-align: justify;\"><span style=\"color: #000080;\"><strong><em>TMD.- Sabes tenemos un gran curiosidad, acerca de tu nombre \u00bfPor qu\u00e9 te llamas Clavel, que es un nombre muy bonito pero que no es com\u00fan, nosotros por primera vez conocemos a una persona con nombre Clavel tal vez en M\u00e9xico es m\u00e1s com\u00fan?<\/em><\/strong><\/span><\/p>\n<p style=\"text-align: justify;\">CG.- Bueno no es un nombre com\u00fan y t\u00fa no sabes la cantidad de momentos dif\u00edciles que pas\u00e9 cuando estaba en el colegio, porque cuando pasaban lista el primer d\u00eda, y llegaba al\u00a0 Garibay Mercedes Clavel, todos volteaban a ver qui\u00e9n se llamaba Clavel y yo con mucha verg\u00fcenza levantaba la mano, as\u00ed que por all\u00ed si me mortificaba, y el nombre pues \u00a0me lo puso mi abuelo porque hab\u00eda en M\u00e9xico una serie donde la protagonista que era una ni\u00f1a terrible se llamaba Clavel y mi abuelo pens\u00f3 que cuando tuviera una nieta le pondr\u00eda Clavel, pero la primera nieta se muri\u00f3, as\u00ed que yo fui la elegida y soy Mercedes Clavel, pero todo el mundo me dice Clavel\u2026<\/p>\n<p style=\"text-align: justify;\"><span style=\"color: #000080;\"><strong><em>TMD.- \u00bfY crees que se nombre te marc\u00f3 o te hizo diferente?\u00a0<\/em><\/strong><\/span><\/p>\n<p style=\"text-align: justify;\">CG.- Pues es un paquete completo, ya que uno nace con una personalidad,\u00a0 pero pienso que si porque a m\u00ed me gusta ser diferente, pero yo no le he puesto Clavel a mi hija, para que no tuviera el mismo problema, porque imag\u00ednate un Clavel y un Clavelito \u00a0ya hubiera sido el colmo, pero ella tiene una personalidad muy parecida a la m\u00eda.<\/p>\n<p style=\"text-align: justify;\"><span style=\"color: #000080;\"><strong><em>TMD.- \u00bfCu\u00e1nto Tiempo llevas en el Marriott?<\/em><\/strong><\/span><\/p>\n<p style=\"text-align: justify;\">CG.- En \u00a0el Marriott llevo 18 a\u00f1os.<\/p>\n<p style=\"text-align: justify;\"><span style=\"color: #000080;\"><strong><em>TMD.- \u00bfEmpezaste en M\u00e9xico? \u00bfEn\u00a0 qu\u00e9 cargo?\u00a0 <\/em><\/strong><\/span><\/p>\n<p style=\"text-align: justify;\">CG.- Si empec\u00e9 en M\u00e9xico para la apertura del JW Marriott de M\u00e9xico, como ejecutiva de ventas, que es un cargo muy sencillo que es generalmente donde empezamos todos.<\/p>\n<p style=\"text-align: justify;\"><span style=\"color: #000080;\"><strong><em>TMD.- Te lo pregunto porque mis alumnos creen que saliendo de la universidad van a ser \u00a0gerentes, y no saben que en la universidad aprenden la teor\u00eda, y hay que pasar por todos los puestos precisamente para llegar a ser un buen gerente saber\u00a0 mandar.<\/em><\/strong><\/span><\/p>\n<p style=\"text-align: justify;\">CG.- Es muy cierto, yo empec\u00e9 en esa posici\u00f3n he pasado por todos los cargos del \u00e1rea\u00a0 de ventas y no s\u00f3lo en la ciudad de M\u00e9xico, despu\u00e9s fui a puerto Vallarta al Marriott de Vallarta, despu\u00e9s al Marriott de Canc\u00fan , en Monterrey, para los hoteles del aeropuerto despu\u00e9s regres\u00e9 al \u00a0JW de M\u00e9xico, y despu\u00e9s vine para Per\u00fa debido a la experiencia que consegu\u00ed al trabajar en una oficina que maneja muchos hoteles los Directores del JW pensaron que \u00a0hab\u00eda adquirido un knowledge\u00a0 para \u00a0competir con una posici\u00f3n como la que estoy realizando actualmente.<\/p>\n<p style=\"text-align: justify;\"><em><span style=\"color: #000080;\"><strong>TMD.- \u00bfQu\u00e9 consejo\u00a0 o sugerencia les dar\u00edas a los chicos de la generaci\u00f3n milenios que todo lo quieren ya?<\/strong><\/span><\/em><\/p>\n<p style=\"text-align: justify;\">CG.- Yo creo que lo m\u00e1s importante para un profesional es trazarse una meta, saber a d\u00f3nde quieres llegar y yo siempre quise Directora de Ventas y Mercadeo de un hotel, y cuando lo logr\u00e9 me dije ahora quiero ser Director de Cl\u00faster, como lo soy ahora, y bueno despu\u00e9s me tocar\u00eda ser Directora del \u00e1rea para Marriott.<\/p>\n<p style=\"text-align: justify;\"><span style=\"color: #000080;\"><em><strong>Qu\u00e9 bueno <\/strong><\/em><\/span><\/p>\n<p style=\"text-align: justify;\"><span style=\"color: #000080;\"><em><strong>TMD.- \u00bfCu\u00e1nto tiempo tienes en Per\u00fa? <\/strong><\/em><\/span><\/p>\n<p style=\"text-align: justify;\">CG.- Ya tengo tres meses, y realmente estoy gratamente sorprendida de la dimensi\u00f3n que tiene este pa\u00eds, no territorialmente si no a la dimensi\u00f3n del trabajo que est\u00e1 haciendo Per\u00fa como Marca, estuve en Barcelona recientemente y me dio muy\u00a0 grata impresi\u00f3n lo bien que est\u00e1 posicionado el Per\u00fa por todo lo que \u00e9sta haciendo no s\u00f3lo en gastronom\u00eda, estoy impresionado por la cantidad de gente que viene,\u00a0 del mercado que tienen y eso favorece la hoteler\u00eda, y es precisamente por lo que yo estoy aqu\u00ed puesto que Marriot es una Marca fuerte y va a seguir creciendo, estoy muy contenta con todo el trabajo que tengo que hacer estoy aprendiendo a vender el Per\u00fa como embajadora del Marriot ese es mi trabajo y estoy muy contenta con mi venida al Per\u00fa. Y no s\u00f3lo abrimos estos \u00a0dos hoteles abrimos el tercer hotel el pr\u00f3ximo a\u00f1o.<\/p>\n<p style=\"text-align: justify;\"><span style=\"color: #000080;\"><strong><em>\u00bfMarriot?<\/em><\/strong><\/span><\/p>\n<p style=\"text-align: justify;\">CG.- Abrimos el Courtyard \u00a0By Marriott si Dios quiere en agosto aqu\u00ed en Shell y alcanfores \u00a0son 154 habitaciones m\u00e1s en el mercado y sobre todo es una apuesta de nuestros inversionistas peruanos de poner en funcionamiento otra marca diferente. Marriott tiene \u00a0casi 21 marcas en el mundo y tiene una marca adicional y conseguir apostando\u00a0 por Marriott es maravilloso, y es por eso tambi\u00e9n que estoy aqu\u00ed por el crecimiento y posicionamiento que tiene Marriott en el mundo<\/p>\n<p style=\"text-align: justify;\"><strong><em><span style=\"color: #000080;\">TMG.- Finalmente \u00bfCu\u00e1les son los planes de Marketing que vas a poner en Per\u00fa? \u00bfYa los Tra\u00edas? o \u00bfMarriott \u00a0tiene un Marketing corporativo, o lo implementan de acuerdo al pa\u00eds en que presta sus servicios?<\/span><\/em><\/strong><\/p>\n<p style=\"text-align: justify;\">CG.- No, \u00a0todos los hoteles Marriott \u00a0\u00a0tienen una personalidad muy consistente, por ejemplo el Marriott \u00a0de Lima y Cusco, son iguales, pero al poner en funcionamiento una nueva marcas que no es de lujo, todo cambia, va a cambiar todo hasta nuestras tarjetas\u00a0 s\u00f3lo tendr\u00e1 el logo Dorado y en la parte de atr\u00e1s vendr\u00e1n todas las marcas que representamos en cuanto al mercadeo va a ser como Marriottt del Per\u00fa, vamos a mencionar\u00a0 los Marriott Per\u00fa en cuanto al mercadeo hay cosas que se cambiaran porque evidentemente hay elementos que son de nicho JW es un mercado de lujo de gente que tiene un alto nivel de ingresos entre los 35 a 50 a\u00f1os que sabe lo que le gusta y gasta su dinero en lo que m\u00e1s le place.<\/p>\n<p style=\"text-align: justify;\">El Courtyard tendr\u00e1 otra marketing diferente en algunos casos como en el aeropuerto por ejemplo aparecer\u00e1n los tres hoteles, y as\u00ed \u00a0tr5abajaremos \u00a0con el segmento al que nos vamos a dirigir y estaremos en los medios que se adec\u00faen a cada segmento al que van dirigidos nuestros hoteles.<\/p>\n<p style=\"text-align: justify;\"><span style=\"color: #000080;\"><strong><em>TMD.- Muy interesante tus comentarios Clavel, y te deseamos el mayor de los \u00e9xitos en tu gesti\u00f3n y la mejor estad\u00eda en nuestro pa\u00eds, y nuestra mejor intenci\u00f3n es que te quedes por mucho tiempo en nuestro pa\u00eds, y por ah\u00ed ya que est\u00e1 soltera te cases con un excelente peruano\u2026<\/em><\/strong><\/span><\/p>\n<p style=\"text-align: justify;\">CG.- Veremos Elena, el destino decidir\u00e1 \u00a0y gracias a ti por la entrevista.<\/p>\n","protected":false},"excerpt":{"rendered":"<p>Nuestra entrevistada de la semana es\u00a0 la directora de Marketing del Marriott Clavel Garibay con quien sostuvimos una amena charla en el acogedor bar del Marriott \u00a0viendo un maravilloso Sunset, ella es mexicana y tiene reci\u00e9n tres meses en Per\u00fa. TMD.- Sabes tenemos un gran curiosidad, acerca de tu nombre \u00bfPor qu\u00e9 te llamas Clavel, que es un nombre muy bonito pero que no es com\u00fan, nosotros por primera vez conocemos a una persona con nombre Clavel tal vez en M\u00e9xico es m\u00e1s com\u00fan? CG.- Bueno no es un nombre com\u00fan y t\u00fa no sabes la cantidad de momentos dif\u00edciles&#8230;<\/p>\n","protected":false},"author":1,"featured_media":0,"comment_status":"open","ping_status":"open","sticky":false,"template":"","format":"standard","meta":{"footnotes":""},"categories":[94],"tags":[3004,134,867,866,321,3496,340,330],"class_list":["post-9310","post","type-post","status-publish","format-standard","hentry","category-entrevistas","tag-clavel-garibay","tag-cusco","tag-jw-marriott-cusco","tag-jw-marriott-lima","tag-lima","tag-marriott","tag-peru","tag-turismo-en-el-peru"],"_links":{"self":[{"href":"https:\/\/www.turistamagazine.com\/v2\/index.php?rest_route=\/wp\/v2\/posts\/9310","targetHints":{"allow":["GET"]}}],"collection":[{"href":"https:\/\/www.turistamagazine.com\/v2\/index.php?rest_route=\/wp\/v2\/posts"}],"about":[{"href":"https:\/\/www.turistamagazine.com\/v2\/index.php?rest_route=\/wp\/v2\/types\/post"}],"author":[{"embeddable":true,"href":"https:\/\/www.turistamagazine.com\/v2\/index.php?rest_route=\/wp\/v2\/users\/1"}],"replies":[{"embeddable":true,"href":"https:\/\/www.turistamagazine.com\/v2\/index.php?rest_route=%2Fwp%2Fv2%2Fcomments&post=9310"}],"version-history":[{"count":4,"href":"https:\/\/www.turistamagazine.com\/v2\/index.php?rest_route=\/wp\/v2\/posts\/9310\/revisions"}],"predecessor-version":[{"id":9315,"href":"https:\/\/www.turistamagazine.com\/v2\/index.php?rest_route=\/wp\/v2\/posts\/9310\/revisions\/9315"}],"wp:attachment":[{"href":"https:\/\/www.turistamagazine.com\/v2\/index.php?rest_route=%2Fwp%2Fv2%2Fmedia&parent=9310"}],"wp:term":[{"taxonomy":"category","embeddable":true,"href":"https:\/\/www.turistamagazine.com\/v2\/index.php?rest_route=%2Fwp%2Fv2%2Fcategories&post=9310"},{"taxonomy":"post_tag","embeddable":true,"href":"https:\/\/www.turistamagazine.com\/v2\/index.php?rest_route=%2Fwp%2Fv2%2Ftags&post=9310"}],"curies":[{"name":"wp","href":"https:\/\/api.w.org\/{rel}","templated":true}]}}