{"id":9174,"date":"2014-12-01T09:30:06","date_gmt":"2014-12-01T14:30:06","guid":{"rendered":"http:\/\/www.turistamagazine.com\/v2\/?p=9174"},"modified":"2014-12-01T09:30:06","modified_gmt":"2014-12-01T14:30:06","slug":"aeromexico-anuncia-nuevas-rutas-medellin-y-panama","status":"publish","type":"post","link":"https:\/\/www.turistamagazine.com\/v2\/?p=9174","title":{"rendered":"AEROM\u00c9XICO ANUNCIA NUEVAS RUTAS:  MEDELL\u00cdN Y PANAM\u00c1"},"content":{"rendered":"<ul>\n<li><em><span style=\"color: #000080;\"><strong>A partir de marzo de 2015, la aerol\u00ednea conectar\u00e1 a la Ciudad de M\u00e9xico con Medell\u00edn, con cuatro vuelos semanales operados por equipos Boeing 737.<\/strong><\/span><\/em><\/li>\n<\/ul>\n<p><em><span style=\"color: #000080;\"><strong>\u00a0<\/strong><\/span><\/em><\/p>\n<ul>\n<li><em><span style=\"color: #000080;\"><strong>A partir del 14 de mayo del 2015 la aerol\u00ednea ofrecer\u00e1 un vuelo diario a Panam\u00e1.<\/strong><\/span><\/em><\/li>\n<\/ul>\n<p>&nbsp;<\/p>\n<p><strong>Lima, a 01 de diciembre del 2014.-<\/strong> Aerom\u00e9xico, la aerol\u00ednea de M\u00e9xico en el mundo, anuncia dos nuevas rutas: Medell\u00edn y Panam\u00e1.<\/p>\n<p>A partir del pr\u00f3ximo 2 de marzo del 2015 se iniciar\u00e1 operaciones entre la Ciudad de M\u00e9xico y Medell\u00edn, con un total de 4 vuelos semanales entre ambas ciudades, mismos que para junio se incrementar\u00e1n a un vuelo diario. Medell\u00edn se posicionar\u00e1 como el segundo destino colombiano y el 15\u00ba en Latinoam\u00e9rica al que opera la aerol\u00ednea.<\/p>\n<p>Por otro lado, a partir del 14 de mayo de 2015 ofrecer\u00e1 un vuelo diario entre la Ciudad de M\u00e9xico y Panam\u00e1, convirti\u00e9ndose en su destino n\u00famero 16 en\u00a0 Latinoam\u00e9rica.<\/p>\n<p>Ambas rutas ser\u00e1n operadas con equipos Boeing 737 con capacidad para 124 pasajeros -12 de ellos en Clase Premier-, con sistema de entretenimiento, mayor espacio entre asientos, atenci\u00f3n personalizada, entre otros beneficios.<\/p>\n<p>&nbsp;<\/p>\n<p>&nbsp;<\/p>\n<p>Itinerario Panam\u00e1:<\/p>\n<p>&nbsp;<\/p>\n<table width=\"100%\" border=\"0\" cellspacing=\"0\" cellpadding=\"0\">\n<tbody>\n<tr>\n<td colspan=\"4\" nowrap=\"nowrap\" width=\"44%\">\n<p align=\"center\"><strong>Ciudad de M\u00e9xico \u2013 Panam\u00e1<\/strong><\/p>\n<\/td>\n<td nowrap=\"nowrap\" width=\"11%\"><\/td>\n<td colspan=\"4\" nowrap=\"nowrap\" width=\"44%\">\n<p align=\"center\"><strong>Panam\u00e1 \u2013 Ciudad de M\u00e9xico<\/strong><\/p>\n<\/td>\n<\/tr>\n<tr>\n<td nowrap=\"nowrap\" width=\"9%\">\n<p align=\"center\">AM 624<\/p>\n<\/td>\n<td nowrap=\"nowrap\" width=\"13%\">\n<p align=\"center\">09:45\u00a0hrs.<\/p>\n<\/td>\n<td nowrap=\"nowrap\" width=\"13%\">\n<p align=\"center\">13:38\u00a0hrs.<\/p>\n<\/td>\n<td nowrap=\"nowrap\" width=\"7%\">\n<p align=\"center\">Diario<\/p>\n<\/td>\n<td nowrap=\"nowrap\" width=\"11%\"><\/td>\n<td nowrap=\"nowrap\" width=\"9%\">\n<p align=\"center\">AM 625<\/p>\n<\/td>\n<td nowrap=\"nowrap\" width=\"13%\">\n<p align=\"center\">14:53\u00a0hrs.<\/p>\n<\/td>\n<td nowrap=\"nowrap\" width=\"13%\">\n<p align=\"center\">19:00\u00a0hrs.<\/p>\n<\/td>\n<td nowrap=\"nowrap\" width=\"7%\">\n<p align=\"center\">Diario<\/p>\n<\/td>\n<\/tr>\n<tr>\n<td width=\"74\"><\/td>\n<td width=\"100\"><\/td>\n<td width=\"100\"><\/td>\n<td width=\"59\"><\/td>\n<td width=\"83\"><\/td>\n<td width=\"74\"><\/td>\n<td width=\"100\"><\/td>\n<td width=\"100\"><\/td>\n<td width=\"58\"><\/td>\n<\/tr>\n<\/tbody>\n<\/table>\n<p>*Los horarios publicados son en horas locales y est\u00e1n sujetos a cambios sin previo aviso<\/p>\n<p>&nbsp;<\/p>\n<p>&nbsp;<\/p>\n<p>&nbsp;<\/p>\n<p>&nbsp;<\/p>\n<p>&nbsp;<\/p>\n<p>&nbsp;<\/p>\n<p>&nbsp;<\/p>\n<p>&nbsp;<\/p>\n","protected":false},"excerpt":{"rendered":"<p>A partir de marzo de 2015, la aerol\u00ednea conectar\u00e1 a la Ciudad de M\u00e9xico con Medell\u00edn, con cuatro vuelos semanales operados por equipos Boeing 737. \u00a0 A partir del 14 de mayo del 2015 la aerol\u00ednea ofrecer\u00e1 un vuelo diario a Panam\u00e1. &nbsp; Lima, a 01 de diciembre del 2014.- Aerom\u00e9xico, la aerol\u00ednea de M\u00e9xico en el mundo, anuncia dos nuevas rutas: Medell\u00edn y Panam\u00e1. A partir del pr\u00f3ximo 2 de marzo del 2015 se iniciar\u00e1 operaciones entre la Ciudad de M\u00e9xico y Medell\u00edn, con un total de 4 vuelos semanales entre ambas ciudades, mismos que para junio se incrementar\u00e1n&#8230;<\/p>\n","protected":false},"author":1,"featured_media":0,"comment_status":"open","ping_status":"open","sticky":false,"template":"","format":"standard","meta":{"footnotes":""},"categories":[84,82],"tags":[],"class_list":["post-9174","post","type-post","status-publish","format-standard","hentry","category-internacionales","category-nacionales"],"_links":{"self":[{"href":"https:\/\/www.turistamagazine.com\/v2\/index.php?rest_route=\/wp\/v2\/posts\/9174","targetHints":{"allow":["GET"]}}],"collection":[{"href":"https:\/\/www.turistamagazine.com\/v2\/index.php?rest_route=\/wp\/v2\/posts"}],"about":[{"href":"https:\/\/www.turistamagazine.com\/v2\/index.php?rest_route=\/wp\/v2\/types\/post"}],"author":[{"embeddable":true,"href":"https:\/\/www.turistamagazine.com\/v2\/index.php?rest_route=\/wp\/v2\/users\/1"}],"replies":[{"embeddable":true,"href":"https:\/\/www.turistamagazine.com\/v2\/index.php?rest_route=%2Fwp%2Fv2%2Fcomments&post=9174"}],"version-history":[{"count":3,"href":"https:\/\/www.turistamagazine.com\/v2\/index.php?rest_route=\/wp\/v2\/posts\/9174\/revisions"}],"predecessor-version":[{"id":9179,"href":"https:\/\/www.turistamagazine.com\/v2\/index.php?rest_route=\/wp\/v2\/posts\/9174\/revisions\/9179"}],"wp:attachment":[{"href":"https:\/\/www.turistamagazine.com\/v2\/index.php?rest_route=%2Fwp%2Fv2%2Fmedia&parent=9174"}],"wp:term":[{"taxonomy":"category","embeddable":true,"href":"https:\/\/www.turistamagazine.com\/v2\/index.php?rest_route=%2Fwp%2Fv2%2Fcategories&post=9174"},{"taxonomy":"post_tag","embeddable":true,"href":"https:\/\/www.turistamagazine.com\/v2\/index.php?rest_route=%2Fwp%2Fv2%2Ftags&post=9174"}],"curies":[{"name":"wp","href":"https:\/\/api.w.org\/{rel}","templated":true}]}}