{"id":9127,"date":"2014-11-30T07:05:34","date_gmt":"2014-11-30T12:05:34","guid":{"rendered":"http:\/\/www.turistamagazine.com\/v2\/?p=9127"},"modified":"2014-11-30T07:06:14","modified_gmt":"2014-11-30T12:06:14","slug":"peru-puno-celebra-titulo-mundial-a-festividad-de-la-candelaria","status":"publish","type":"post","link":"https:\/\/www.turistamagazine.com\/v2\/?p=9127","title":{"rendered":"PERU: PUNO CELEBRA T\u00cdTULO MUNDIAL A FESTIVIDAD DE LA CANDELARIA"},"content":{"rendered":"<p style=\"text-align: justify;\">Por: Kleber S\u00e1nchez,<\/p>\n<p style=\"text-align: justify;\">Las celebraciones en Puno, tras la declaratoria de la festividad de la Virgen de la Candelaria como Patrimonio de la Humanidad, contin\u00faan.<\/p>\n<p style=\"text-align: justify;\">Ayer, la entrada de ccapo cobr\u00f3 protagonismo y sirvi\u00f3 de antesala para un anunciado\u00a0 pasacalle de danzas que se desarrollar\u00e1 hoy.<\/p>\n<p style=\"text-align: justify;\">La concentraci\u00f3n para el inicio de la fiesta se produjo en la explanada del Arco Deustua, donde las autoridades acompa\u00f1adas de ciudadanos realizaron la tradicional \u201cchalla\u201d de la pachamama.<\/p>\n<p style=\"text-align: justify;\">Luego, las mujeres de la zona rural, cargando sus atados de le\u00f1a en la espalda recorrieron las principales arterias de la ciudad hasta llegar a los exteriores del Santuario de la Virgen de la Candelaria, donde realizaron la acostumbrada quema.<\/p>\n<p style=\"text-align: justify;\">En tanto, la agrupaci\u00f3n de sicuris Juventud Obrera y grupos de m\u00fasica de \u201ctarka\u201d interpretaron melod\u00edas andinas en honor a la \u00abMamita\u00bb Candelaria. La banda de la Polic\u00eda Nacional tambi\u00e9n acompa\u00f1\u00f3 el ritmo.<\/p>\n<p style=\"text-align: justify;\">\u00a0Paralelamente, los alferados y bailarines de algunos conjuntos de danzas realizaban las primeras misas en el templo San Juan para luego\u00a0 iniciar con los ensayos previos ante la cercan\u00eda de la fiesta de la Candelaria en febrero.<\/p>\n<p style=\"text-align: justify;\">\u00a0<strong><em><span style=\"color: #000080;\">MISA DE FIESTA<\/span><\/em><\/strong><\/p>\n<p style=\"text-align: justify;\">\u00a0Para hoy, est\u00e1 programada la procesi\u00f3n de la imagen de la Virgen de la Candelaria. El acto religioso iniciar\u00e1 en el templo San Juan con direcci\u00f3n a la Catedral de Puno, donde los fieles participar\u00e1n en una misa de agradecimiento por la declaratoria de la Unesco.<\/p>\n<p style=\"text-align: justify;\">\u00a0Luego ser\u00e1 el turno de los diferentes conjuntos de danzas de trajes de luces y aut\u00f3ctonos, que se rendir\u00e1n ante los pies de la \u00abMamita\u00bb y prolongar\u00e1n el festejo.<\/p>\n<p>&nbsp;<\/p>\n<p>F\/ La Rep\u00fablica<\/p>\n","protected":false},"excerpt":{"rendered":"<p>Por: Kleber S\u00e1nchez, Las celebraciones en Puno, tras la declaratoria de la festividad de la Virgen de la Candelaria como Patrimonio de la Humanidad, contin\u00faan. Ayer, la entrada de ccapo cobr\u00f3 protagonismo y sirvi\u00f3 de antesala para un anunciado\u00a0 pasacalle de danzas que se desarrollar\u00e1 hoy. La concentraci\u00f3n para el inicio de la fiesta se produjo en la explanada del Arco Deustua, donde las autoridades acompa\u00f1adas de ciudadanos realizaron la tradicional \u201cchalla\u201d de la pachamama. Luego, las mujeres de la zona rural, cargando sus atados de le\u00f1a en la espalda recorrieron las principales arterias de la ciudad hasta llegar a&#8230;<\/p>\n","protected":false},"author":1,"featured_media":0,"comment_status":"open","ping_status":"open","sticky":false,"template":"","format":"standard","meta":{"footnotes":""},"categories":[4,82],"tags":[214,215,385],"class_list":["post-9127","post","type-post","status-publish","format-standard","hentry","category-breaking-news","category-nacionales","tag-mamita-candelaria","tag-puno","tag-virgen-de-la-candelaria"],"_links":{"self":[{"href":"https:\/\/www.turistamagazine.com\/v2\/index.php?rest_route=\/wp\/v2\/posts\/9127","targetHints":{"allow":["GET"]}}],"collection":[{"href":"https:\/\/www.turistamagazine.com\/v2\/index.php?rest_route=\/wp\/v2\/posts"}],"about":[{"href":"https:\/\/www.turistamagazine.com\/v2\/index.php?rest_route=\/wp\/v2\/types\/post"}],"author":[{"embeddable":true,"href":"https:\/\/www.turistamagazine.com\/v2\/index.php?rest_route=\/wp\/v2\/users\/1"}],"replies":[{"embeddable":true,"href":"https:\/\/www.turistamagazine.com\/v2\/index.php?rest_route=%2Fwp%2Fv2%2Fcomments&post=9127"}],"version-history":[{"count":2,"href":"https:\/\/www.turistamagazine.com\/v2\/index.php?rest_route=\/wp\/v2\/posts\/9127\/revisions"}],"predecessor-version":[{"id":9129,"href":"https:\/\/www.turistamagazine.com\/v2\/index.php?rest_route=\/wp\/v2\/posts\/9127\/revisions\/9129"}],"wp:attachment":[{"href":"https:\/\/www.turistamagazine.com\/v2\/index.php?rest_route=%2Fwp%2Fv2%2Fmedia&parent=9127"}],"wp:term":[{"taxonomy":"category","embeddable":true,"href":"https:\/\/www.turistamagazine.com\/v2\/index.php?rest_route=%2Fwp%2Fv2%2Fcategories&post=9127"},{"taxonomy":"post_tag","embeddable":true,"href":"https:\/\/www.turistamagazine.com\/v2\/index.php?rest_route=%2Fwp%2Fv2%2Ftags&post=9127"}],"curies":[{"name":"wp","href":"https:\/\/api.w.org\/{rel}","templated":true}]}}