{"id":9041,"date":"2014-11-24T09:22:01","date_gmt":"2014-11-24T14:22:01","guid":{"rendered":"http:\/\/www.turistamagazine.com\/v2\/?p=9041"},"modified":"2014-11-24T09:22:01","modified_gmt":"2014-11-24T14:22:01","slug":"una-mayor-imaginacion-politica-es-vital-para-enfrentar-el-reto-climatico","status":"publish","type":"post","link":"https:\/\/www.turistamagazine.com\/v2\/?p=9041","title":{"rendered":"UNA MAYOR IMAGINACI\u00d3N POL\u00cdTICA ES VITAL PARA ENFRENTAR EL RETO CLIM\u00c1TICO"},"content":{"rendered":"<p style=\"text-align: justify;\">Monica Araya*<\/p>\n<p style=\"text-align: justify;\">Necesitamos una visi\u00f3n que gane apoyo en la pol\u00edtica, en el sector empresarial, en la ciudadan\u00eda anclada en sociedades modernas, limpias y seguras.\u00a0 Ser\u00eda lo m\u00e1s justo para las mayor\u00edas.<\/p>\n<p style=\"text-align: justify;\">Los esfuerzos por reducir el calentamiento global ganan tracci\u00f3n pol\u00edtica a nivel internacional a pesar de la sistem\u00e1tica resistencia al cambio. Esta din\u00e1mica global debe renovar el debate econ\u00f3mico y pol\u00edtico en nuestros pa\u00edses.<\/p>\n<p style=\"text-align: justify;\"><span style=\"color: #000080;\"><strong><em>Finalmente Obama tom\u00f3 la decisi\u00f3n de frenar las emisiones dom\u00e9sticas de las plantas de generaci\u00f3n el\u00e9ctrica a pesar de la resistencia de dicha industria, de los republicanos y hasta algunos dem\u00f3cratas.\u00a0 Esta decisi\u00f3n energ\u00e9tica y clim\u00e1tica, la m\u00e1s ambiciosa jam\u00e1s adoptada por un presidente estadounidense, podr\u00eda a su vez empujar a China a hacer un anuncio \u201creflejo\u201d dada, adem\u00e1s, su coyuntura local de un aire cada vez m\u00e1s contaminado y una ciudadan\u00eda cada vez m\u00e1s alarmada. Lo que hagan EEUU y China tiene implicaciones globales porque ambos emiten casi 45% de las emisiones de carbono del mundo.<\/em><\/strong><\/span><\/p>\n<p style=\"text-align: justify;\">Los compromisos clim\u00e1ticos de la Uni\u00f3n Europea siguen en pie a pesar de sus dif\u00edciles circunstancias econ\u00f3micas y el cabildeo anti-clim\u00e1tico de la industria sobretodo del carb\u00f3n. Y cabe recalcar que el n\u00famero de pa\u00edses en desarrollo, en particular de Am\u00e9rica Latina, que hoy tienen metas clim\u00e1ticas y de energ\u00eda renovable hubiera sido ins\u00f3lito hace 5 a\u00f1os.\u00a0 Empresas y ciudades \u2013 grandes y peque\u00f1as \u2013 adoptan medidas clim\u00e1ticas, porque sienten los efectos del cambio clim\u00e1tico en su quehacer diario. Hasta los l\u00edderes religiosos hablan ya de la responsabilidad clim\u00e1tica como parte de su quehacer.<\/p>\n<p style=\"text-align: justify;\"><span style=\"color: #000080;\"><strong><em>Y sin embargo lo que hacemos no es a\u00fan suficiente. En su m\u00e1s reciente Informe, el Panel Intergubernamental de Cambio Clim\u00e1tico (IPCC) explica que vamos hacia un mundo clim\u00e1ticamente inseguro, pues la suma de las acciones quiebra el patr\u00f3n de emisiones de gases de invernadero. Adem\u00e1s, incluso si se quebrara, la gesti\u00f3n del riesgo ser\u00e1 de todas formas indispensable ya que el mundo tendr\u00e1 que enfrentar el calentamiento global debido a las emisiones acumuladas por siglos de actividad industrial y crecimiento de la poblaci\u00f3n global.<\/em><\/strong><\/span><\/p>\n<p style=\"text-align: justify;\"><span style=\"color: #000080;\"><strong><em>Para comunicar dicha complejidad al p\u00fablico no cient\u00edfico se usa el concepto de un presupuesto global de carbono: son la cantidad de emisiones de carbono que se puede \u201cconsumir\u201d entre 2011 y 2100 antes de cruzar ese umbral clim\u00e1tico peligroso.\u00a0 Si se usan los datos de usos actuales, nos damos cuenta que tendr\u00edamos unos 25 a\u00f1os para consumirlo.<\/em><\/strong><\/span><\/p>\n<p style=\"text-align: justify;\">La trayectoria racional ser\u00eda acelerar la des-carbonizaci\u00f3n de la matriz energ\u00e9tica global y la adopci\u00f3n de un modelo energ\u00e9tico que permita nuevos modelos de transporte, las ciudades y la industria.\u00a0 A nivel cotidiano, la gran oportunidad es el replanteamiento de \u201cla ciudad\u201d.\u00a0 No es casual que este a\u00f1o 22.000 personas en Medell\u00edn batieran el r\u00e9cord de asistencia en el Foro Urbano Mundial. Incluso si no hubiera cambio clim\u00e1tico, las ciudades que sean sostenibles generar\u00e1n grandes beneficios.<\/p>\n<p style=\"text-align: justify;\"><strong><em><span style=\"color: #000080;\">Ning\u00fan pa\u00eds o ciudad podr\u00e1 resolver el reto clim\u00e1tico por su propia cuenta.\u00a0 El Secretario General de las Naciones Unidas, Ban Ki Moon, insiste en la misi\u00f3n de reunir en Nueva York a los Jefes de Estado en septiembre para consolidar el momentum clim\u00e1tico. Francia ser\u00e1 anfitri\u00f3n de la Cumbre clim\u00e1tica en Par\u00eds en 2015, donde deber\u00e1 firmar un acuerdo clim\u00e1tico global con obligaciones para todos. Lima ser\u00e1 la antesala ya que en diciembre de este a\u00f1o los gobiernos deber\u00e1n acordar un borrador de dicho acuerdo<\/span><\/em><\/strong>.<\/p>\n<p style=\"text-align: justify;\"><span style=\"color: #000080;\"><em><strong>Resistencia.<\/strong><\/em><\/span><\/p>\n<p style=\"text-align: justify;\">Que no quepa duda, la resistencia contra de la agenda clim\u00e1tica contin\u00faa y se le dice al p\u00fablico:<\/p>\n<p style=\"text-align: justify;\"><span style=\"color: #000080;\"><em><strong>\u201cNo est\u00e1 probado que el cambio clim\u00e1tico exista ni que sea causado por los humanos\u201d<\/strong><\/em><\/span><\/p>\n<p style=\"text-align: justify;\"><span style=\"color: #000080;\"><strong><em>Esto es falso ya que se trata de un argumento cient\u00edfico ya resuelto<\/em><\/strong><\/span>. Un 97% de la comunidad cient\u00edfica conformada por miles de cient\u00edficos. Lo que es m\u00e1s grave de esta tergiversaci\u00f3n es que el cambio clim\u00e1tico no solo es real, sino que adem\u00e1s s\u00ed est\u00e1 probado que las emisiones causadas por la actividad humana est\u00e1n a la base del problema.\u00a0 La fuente en esta materia es el Panel Internacional Gubernamental de Cambio Clim\u00e1tico (IPCC) y su m\u00e1s reciente informe.<\/p>\n<p style=\"text-align: justify;\"><span style=\"color: #000080;\"><em><strong>\u201cLas acciones clim\u00e1ticas ser\u00edan demasiado caras\u201d<\/strong><\/em><\/span><\/p>\n<p style=\"text-align: justify;\">Es lo contrario. Sale caro evadir el problema hoy y actuar ma\u00f1ana. El IPCC ha calculado que la p\u00e9rdida de Producto Interno Bruto a nivel global como resultado de los impactos clim\u00e1ticos ser\u00eda de 0.2 y 2%. El costo de las acciones clim\u00e1ticas es m\u00e1s bajo que el costo de no cambiar. En septiembre saldr\u00e1 un estudio detallado (\u201cNew Climate Economy\u201d) elaborado por una comisi\u00f3n internacional de economistas y expresidentes.<\/p>\n<p style=\"text-align: justify;\"><span style=\"color: #000080;\"><strong><em>\u201cLa acci\u00f3n clim\u00e1tica da\u00f1a el desarrollo y a los pobres.\u201d<\/em><\/strong><\/span><\/p>\n<p style=\"text-align: justify;\">Son justamente los impactos del cambio clim\u00e1tico los que m\u00e1s da\u00f1an el desarrollo y a los pobres en particular. Un pa\u00eds que deba usar 1% o 2% de su PIB para lidiar con impactos clim\u00e1ticos destructivos tendr\u00e1 que desviar su inversi\u00f3n social. El informe del Banco Mundial \u201cTurn Down The Heat\u201d, llamado informalmente \u201cUn mundo de 4 grados\u201d, detalla impactos para los pa\u00edses pobres en un escenario en el cual el cambio clim\u00e1tico alcanza niveles peligrosos.<\/p>\n<p style=\"text-align: justify;\">Hay que insistir en los beneficios de la transici\u00f3n.\u00a0 Desde las ganancias para la salud del transporte limpio y digno hasta la creaci\u00f3n de los trabajos con futuro. Invertir un mill\u00f3n de euros en intervenciones de eficiencia energ\u00e9tica genera entre 17 y 19 empleos. Solo en 2013, se crearon 6.5 millones de trabajos en el sector de renovables alrededor del mundo. La expansi\u00f3n de la industria de renovables ha contribuido a la baja sistem\u00e1tica en sus costos y ha llevado a que los precios de la energ\u00eda solar bajar\u00e1nn 80% en cinco a\u00f1os.<\/p>\n<p style=\"text-align: justify;\"><span style=\"color: #000080;\"><em><strong>\u00a0Renovaci\u00f3n.<\/strong><\/em><\/span><\/p>\n<p style=\"text-align: justify;\"><span style=\"color: #000080;\"><strong><em>Preparar a nuestros pa\u00edses para un siglo marcado por el cambio clim\u00e1tico llama a una renovaci\u00f3n del imaginario pol\u00edtico. Necesitamos nuevos expertos en materia energ\u00e9tica que no reduzcan el gran reto pa\u00eds a unas ideas trilladas sobre \u201cprecios\u201d de la electricidad y gasolina.\u00a0 Quiz\u00e1s implica mostrar por qu\u00e9 el pa\u00eds necesita mejores modelos urbanos y de transporte. Necesitamos nuevas plataformas ciudadanas para crear demanda por dichos modelos.<\/em><\/strong><\/span><\/p>\n<p style=\"text-align: justify;\">El debate energ\u00e9tico no es un fin en s\u00ed mismo. Debe ser parte de un Plan Nacional de infraestructura al 2030 con metas intermedias, una hoja de ruta financiera y negociado a puerta abierta.\u00a0 Una nueva visi\u00f3n de infraestructura\u00a0 \u2013 incluido su modelo de licitaci\u00f3n \u2013 ser\u00e1 la columna vertebral que nos sostendr\u00e1 o nos har\u00e1 caer como pa\u00eds.\u00a0 \u00bfEstamos conscientes de cu\u00e1nto avanzan otros en la direcci\u00f3n renovable?\u00a0 Seg\u00fan el Banco Interamericano de Desarrollo, diez pa\u00edses latinoamericanos, entre ellos Chile y Nicaragua, ya promueven efectivamente las renovables.\u00a0 Muchos de nuestros pa\u00edses \u2013 por ejemplo el m\u00edo, Costa Rica &#8211;\u00a0 aparecemos rezagados en comparaci\u00f3n justo cuando m\u00e1s inversi\u00f3n p\u00fablica y privada necesitamos en esta industria de futuro.<\/p>\n<p style=\"text-align: justify;\"><span style=\"color: #000080;\"><strong><em>No podemos dejar que lo urgente vaya en detrimento de lo importante.\u00a0 Necesitamos una visi\u00f3n que gane apoyo en la pol\u00edtica, en el empresariado, en la ciudadan\u00eda anclada en una sociedad moderna, limpia y segura.<\/em><\/strong><\/span><\/p>\n<p style=\"text-align: justify;\"><span style=\"color: #000080;\"><strong><em>Moderna por contar con matriz energ\u00e9tica eficiente, red el\u00e9ctrica descentralizada y transporte de siglo\u00a0 XXI.<\/em><\/strong><\/span><\/p>\n<p style=\"text-align: justify;\"><span style=\"color: #000080;\"><strong><em>Limpia porque diversifica a trav\u00e9s de renovables, invierte en transporte p\u00fablico y no se distrae con proyectos que nos amarren al pasado.<\/em><\/strong><\/span><\/p>\n<p style=\"text-align: justify;\"><strong><em><span style=\"color: #000080;\">Segura porque es guiada por ordenamiento territorial, construcci\u00f3n compatible con el clima que protege a la producci\u00f3n, el capital natural y lo m\u00e1s valioso: nuestra gente<\/span>.<\/em><\/strong><\/p>\n<p style=\"text-align: justify;\"><span style=\"color: #000080;\"><strong><em>Ser\u00eda lo justo.<\/em><\/strong><\/span><\/p>\n<p style=\"text-align: justify;\"><span style=\"color: #000080;\"><strong><em>Es hora de agrandar nuestra imaginaci\u00f3n y convencernos de que s\u00ed podemos tener un pa\u00eds viable ante los grandes desaf\u00edos del siglo XXI.<\/em><\/strong><\/span><\/p>\n<p style=\"text-align: justify;\">*Directora de Costa Rica Limpia y Nivela.Org<\/p>\n<p style=\"text-align: justify;\">\u00a0Este art\u00edculo fue publicado en P\u00e1gina Abierta del Diario Extra (Costa Rica 10 de Junio, 2014) y en CostaRicaLimpia.Org.<\/p>\n<p>&nbsp;<\/p>\n","protected":false},"excerpt":{"rendered":"<p>Monica Araya* Necesitamos una visi\u00f3n que gane apoyo en la pol\u00edtica, en el sector empresarial, en la ciudadan\u00eda anclada en sociedades modernas, limpias y seguras.\u00a0 Ser\u00eda lo m\u00e1s justo para las mayor\u00edas. Los esfuerzos por reducir el calentamiento global ganan tracci\u00f3n pol\u00edtica a nivel internacional a pesar de la sistem\u00e1tica resistencia al cambio. Esta din\u00e1mica global debe renovar el debate econ\u00f3mico y pol\u00edtico en nuestros pa\u00edses. Finalmente Obama tom\u00f3 la decisi\u00f3n de frenar las emisiones dom\u00e9sticas de las plantas de generaci\u00f3n el\u00e9ctrica a pesar de la resistencia de dicha industria, de los republicanos y hasta algunos dem\u00f3cratas.\u00a0 Esta decisi\u00f3n energ\u00e9tica&#8230;<\/p>\n","protected":false},"author":1,"featured_media":0,"comment_status":"open","ping_status":"open","sticky":false,"template":"","format":"standard","meta":{"footnotes":""},"categories":[91],"tags":[3418,3419,3417],"class_list":["post-9041","post","type-post","status-publish","format-standard","hentry","category-por-siempre-verde","tag-costa-rica-limpia-y-nivela-org","tag-monica-araya","tag-reto-del-cambio-climatico"],"_links":{"self":[{"href":"https:\/\/www.turistamagazine.com\/v2\/index.php?rest_route=\/wp\/v2\/posts\/9041","targetHints":{"allow":["GET"]}}],"collection":[{"href":"https:\/\/www.turistamagazine.com\/v2\/index.php?rest_route=\/wp\/v2\/posts"}],"about":[{"href":"https:\/\/www.turistamagazine.com\/v2\/index.php?rest_route=\/wp\/v2\/types\/post"}],"author":[{"embeddable":true,"href":"https:\/\/www.turistamagazine.com\/v2\/index.php?rest_route=\/wp\/v2\/users\/1"}],"replies":[{"embeddable":true,"href":"https:\/\/www.turistamagazine.com\/v2\/index.php?rest_route=%2Fwp%2Fv2%2Fcomments&post=9041"}],"version-history":[{"count":2,"href":"https:\/\/www.turistamagazine.com\/v2\/index.php?rest_route=\/wp\/v2\/posts\/9041\/revisions"}],"predecessor-version":[{"id":9043,"href":"https:\/\/www.turistamagazine.com\/v2\/index.php?rest_route=\/wp\/v2\/posts\/9041\/revisions\/9043"}],"wp:attachment":[{"href":"https:\/\/www.turistamagazine.com\/v2\/index.php?rest_route=%2Fwp%2Fv2%2Fmedia&parent=9041"}],"wp:term":[{"taxonomy":"category","embeddable":true,"href":"https:\/\/www.turistamagazine.com\/v2\/index.php?rest_route=%2Fwp%2Fv2%2Fcategories&post=9041"},{"taxonomy":"post_tag","embeddable":true,"href":"https:\/\/www.turistamagazine.com\/v2\/index.php?rest_route=%2Fwp%2Fv2%2Ftags&post=9041"}],"curies":[{"name":"wp","href":"https:\/\/api.w.org\/{rel}","templated":true}]}}