{"id":8988,"date":"2014-11-24T06:47:28","date_gmt":"2014-11-24T11:47:28","guid":{"rendered":"http:\/\/www.turistamagazine.com\/v2\/?p=8988"},"modified":"2014-11-24T06:47:28","modified_gmt":"2014-11-24T11:47:28","slug":"promperu-participara-en-feria-de-turismo-de-lujo-en-francia","status":"publish","type":"post","link":"https:\/\/www.turistamagazine.com\/v2\/?p=8988","title":{"rendered":"PROMPER\u00da PARTICIPAR\u00c1 EN FERIA DE TURISMO DE LUJO EN FRANCIA"},"content":{"rendered":"<p>La Comisi\u00f3n de Promoci\u00f3n del Per\u00fa para la Exportaci\u00f3n y el Turismo (Promper\u00fa) participar\u00e1 en la Feria Internacional de Turismo ILTM International Luxury Travel Market, que se efectuar\u00e1 en la ciudad de Cannes, Francia. De acuerdo a la resoluci\u00f3n de secretar\u00eda de Promper\u00fa publicada hoy, la feria de turismo se efectuar\u00e1 del 1 al 4 de diciembre, y congregar\u00e1 a profesionales dirigidos al mercado de viajes de lujo.<\/p>\n<p>La Feria Internacional de Turismo ILTM International Luxury Travel Market permitir\u00e1 generar posibilidades de negocio, a trav\u00e9s de co-exhibidores y contactos profesionales con clientes de todo el mundo dentro de la industria del turismo de lujo; as\u00ed como posicionar al pa\u00eds como un destino aut\u00e9ntico y especializado en el turismo de alta gama. Para ello, Promper\u00fa autoriza la participaci\u00f3n de Mar\u00eda Elisa Ponce de Le\u00f3n, para que desarrolle actividades vinculadas a la promoci\u00f3n tur\u00edstica del Per\u00fa en la feria.<\/p>\n<p>Foto: ANDINA\/Carlos Lezama<\/p>\n","protected":false},"excerpt":{"rendered":"<p>La Comisi\u00f3n de Promoci\u00f3n del Per\u00fa para la Exportaci\u00f3n y el Turismo (Promper\u00fa) participar\u00e1 en la Feria Internacional de Turismo ILTM International Luxury Travel Market, que se efectuar\u00e1 en la ciudad de Cannes, Francia. De acuerdo a la resoluci\u00f3n de secretar\u00eda de Promper\u00fa publicada hoy, la feria de turismo se efectuar\u00e1 del 1 al 4 de diciembre, y congregar\u00e1 a profesionales dirigidos al mercado de viajes de lujo. La Feria Internacional de Turismo ILTM International Luxury Travel Market permitir\u00e1 generar posibilidades de negocio, a trav\u00e9s de co-exhibidores y contactos profesionales con clientes de todo el mundo dentro de la industria&#8230;<\/p>\n","protected":false},"author":1,"featured_media":0,"comment_status":"open","ping_status":"open","sticky":false,"template":"","format":"standard","meta":{"footnotes":""},"categories":[4,82],"tags":[3387,471,3386,349],"class_list":["post-8988","post","type-post","status-publish","format-standard","hentry","category-breaking-news","category-nacionales","tag-cannes","tag-francia","tag-luxury-travel-market","tag-promperu"],"_links":{"self":[{"href":"https:\/\/www.turistamagazine.com\/v2\/index.php?rest_route=\/wp\/v2\/posts\/8988","targetHints":{"allow":["GET"]}}],"collection":[{"href":"https:\/\/www.turistamagazine.com\/v2\/index.php?rest_route=\/wp\/v2\/posts"}],"about":[{"href":"https:\/\/www.turistamagazine.com\/v2\/index.php?rest_route=\/wp\/v2\/types\/post"}],"author":[{"embeddable":true,"href":"https:\/\/www.turistamagazine.com\/v2\/index.php?rest_route=\/wp\/v2\/users\/1"}],"replies":[{"embeddable":true,"href":"https:\/\/www.turistamagazine.com\/v2\/index.php?rest_route=%2Fwp%2Fv2%2Fcomments&post=8988"}],"version-history":[{"count":2,"href":"https:\/\/www.turistamagazine.com\/v2\/index.php?rest_route=\/wp\/v2\/posts\/8988\/revisions"}],"predecessor-version":[{"id":8997,"href":"https:\/\/www.turistamagazine.com\/v2\/index.php?rest_route=\/wp\/v2\/posts\/8988\/revisions\/8997"}],"wp:attachment":[{"href":"https:\/\/www.turistamagazine.com\/v2\/index.php?rest_route=%2Fwp%2Fv2%2Fmedia&parent=8988"}],"wp:term":[{"taxonomy":"category","embeddable":true,"href":"https:\/\/www.turistamagazine.com\/v2\/index.php?rest_route=%2Fwp%2Fv2%2Fcategories&post=8988"},{"taxonomy":"post_tag","embeddable":true,"href":"https:\/\/www.turistamagazine.com\/v2\/index.php?rest_route=%2Fwp%2Fv2%2Ftags&post=8988"}],"curies":[{"name":"wp","href":"https:\/\/api.w.org\/{rel}","templated":true}]}}