{"id":894,"date":"2014-01-26T15:48:16","date_gmt":"2014-01-26T15:48:16","guid":{"rendered":"http:\/\/www.turistamagazine.com\/v2\/?p=894"},"modified":"2014-01-26T15:48:16","modified_gmt":"2014-01-26T15:48:16","slug":"peru-rescatan-a-cinco-turistas-extraviados-en-el-salkantay-en-cusco","status":"publish","type":"post","link":"https:\/\/www.turistamagazine.com\/v2\/?p=894","title":{"rendered":"PERU: RESCATAN A CINCO TURISTAS EXTRAVIADOS EN EL SALKANTAY EN CUSCO"},"content":{"rendered":"<p style=\"text-align: justify;\">Los cincos turistas extraviados en inmediaciones del Santuario Ecol\u00f3gico del Salkantay fueron rescatados\u00a0 y trasladados hasta la ciudad de Cusco por agentes del Departamento de Salvamento de Alta Monta\u00f1a (Depsam).<\/p>\n<p style=\"text-align: justify;\">Tras una intensa b\u00fasqueda, al promediar las 18.00 horas del \u00faltimo viernes, los extranjeros identificados como Cristhian Allik (21), Liisi Lehenees (22), Madli Tiwkg (21), de nacionalidad estoniana, y los turistas Nadezda Pavlincek (21), de Lituania, y Costin Nabjul (28), de Rumania, fueron ubicados entre la maleza, a orillas del r\u00edo Apur\u00edmac, en la quebrada Yuracmayo, camino a las ruinas de Choquequirao.<\/p>\n<p style=\"text-align: justify;\">Dos de los viajeros se hallaban con un cuadro de deshidrataci\u00f3n. Fueron atendidos por la param\u00e9dico Karen Mozo Velasco.<\/p>\n<p style=\"text-align: justify;\">Haciendo uso de cuerdas, los\u00a0 rescatistas trasladaron a los turistas hasta la otra orilla del r\u00edo, para luego llevarlos hasta la parte alta de la quebrada. All\u00ed pernoctaron en carpas y sliping.<\/p>\n<p style=\"text-align: justify;\">En horas de la ma\u00f1ana se constituy\u00f3 hasta la zona un helic\u00f3ptero de la empresa Los Andes, piloteado por el capit\u00e1n (r) FAP Jorge Carrillo y procedieron a rescatar a los visitantes, quienes agradecieron a la Polic\u00eda por la r\u00e1pida, eficaz y oportuna labor de rescate.<\/p>\n<p style=\"text-align: justify;\">Tomaron ruta equivocada<\/p>\n<p style=\"text-align: justify;\">El mayor PNP Jorge Javier Sol\u00eds G\u00f3mez, jefe del Departamento de Salvamento de Alta Monta\u00f1a (Depsam), inform\u00f3 que los turistas no contaban con un gu\u00eda, por lo que al salir de Choquequirao tomaron una ruta distinta y se desorientaron del camino. El pesado equipaje que llevaban y el cansancio les impidi\u00f3 seguir, y a trav\u00e9s de un tel\u00e9fono satelital que llevaban consigo pidieron ayuda dando las coordenadas para su ubicaci\u00f3n.<\/p>\n<p style=\"text-align: justify;\">El jefe policial mencion\u00f3 que en el ingreso de la ruta Mollepata-Santa Teresa no hay personal de Cultura y Polic\u00eda\u00a0 para orientar a los turistas que hacen uso del camino F\/ Haydee Meza. Cusco.\/ La Rep\u00fablica<\/p>\n","protected":false},"excerpt":{"rendered":"<p>Los cincos turistas extraviados en inmediaciones del Santuario Ecol\u00f3gico del Salkantay fueron rescatados\u00a0 y trasladados hasta la ciudad de Cusco por agentes del Departamento de Salvamento de Alta Monta\u00f1a (Depsam). Tras una intensa b\u00fasqueda, al promediar las 18.00 horas del \u00faltimo viernes, los extranjeros identificados como Cristhian Allik (21), Liisi Lehenees (22), Madli Tiwkg (21), de nacionalidad estoniana, y los turistas Nadezda Pavlincek (21), de Lituania, y Costin Nabjul (28), de Rumania, fueron ubicados entre la maleza, a orillas del r\u00edo Apur\u00edmac, en la quebrada Yuracmayo, camino a las ruinas de Choquequirao. Dos de los viajeros se hallaban con un&#8230;<\/p>\n","protected":false},"author":1,"featured_media":0,"comment_status":"open","ping_status":"open","sticky":false,"template":"","format":"standard","meta":{"footnotes":""},"categories":[4,82,1],"tags":[134,272,273],"class_list":["post-894","post","type-post","status-publish","format-standard","hentry","category-breaking-news","category-nacionales","category-sin-categoria","tag-cusco","tag-santuario-ecologico-del-salkantay","tag-turistas-rescatados-en-el-salkantay"],"_links":{"self":[{"href":"https:\/\/www.turistamagazine.com\/v2\/index.php?rest_route=\/wp\/v2\/posts\/894","targetHints":{"allow":["GET"]}}],"collection":[{"href":"https:\/\/www.turistamagazine.com\/v2\/index.php?rest_route=\/wp\/v2\/posts"}],"about":[{"href":"https:\/\/www.turistamagazine.com\/v2\/index.php?rest_route=\/wp\/v2\/types\/post"}],"author":[{"embeddable":true,"href":"https:\/\/www.turistamagazine.com\/v2\/index.php?rest_route=\/wp\/v2\/users\/1"}],"replies":[{"embeddable":true,"href":"https:\/\/www.turistamagazine.com\/v2\/index.php?rest_route=%2Fwp%2Fv2%2Fcomments&post=894"}],"version-history":[{"count":2,"href":"https:\/\/www.turistamagazine.com\/v2\/index.php?rest_route=\/wp\/v2\/posts\/894\/revisions"}],"predecessor-version":[{"id":899,"href":"https:\/\/www.turistamagazine.com\/v2\/index.php?rest_route=\/wp\/v2\/posts\/894\/revisions\/899"}],"wp:attachment":[{"href":"https:\/\/www.turistamagazine.com\/v2\/index.php?rest_route=%2Fwp%2Fv2%2Fmedia&parent=894"}],"wp:term":[{"taxonomy":"category","embeddable":true,"href":"https:\/\/www.turistamagazine.com\/v2\/index.php?rest_route=%2Fwp%2Fv2%2Fcategories&post=894"},{"taxonomy":"post_tag","embeddable":true,"href":"https:\/\/www.turistamagazine.com\/v2\/index.php?rest_route=%2Fwp%2Fv2%2Ftags&post=894"}],"curies":[{"name":"wp","href":"https:\/\/api.w.org\/{rel}","templated":true}]}}