{"id":8890,"date":"2014-11-18T16:52:47","date_gmt":"2014-11-18T21:52:47","guid":{"rendered":"http:\/\/www.turistamagazine.com\/v2\/?p=8890"},"modified":"2014-11-18T19:14:03","modified_gmt":"2014-11-19T00:14:03","slug":"curso-plan-de-marketing-turistico-de-la-asotur","status":"publish","type":"post","link":"https:\/\/www.turistamagazine.com\/v2\/?p=8890","title":{"rendered":"CURSO \u201cPLAN DE MARKETING TUR\u00cdSTICO\u201d DE LA ASOTUR"},"content":{"rendered":"<p>La Asociaci\u00f3n de Operadores de Turismo Receptivo del Per\u00fa (Asotur) dictar\u00e1 del 24 al 28 de noviembre el curso denominado \u201cPlan de marketing tur\u00edstico 2015\u201d, en el local ubicado en la Av. Primavera 264 oficina 247, distrito de Santiago de Surco. El expositor ser\u00e1 Carlos Villena, asesor y consultor de marketing. El precio para los socios de la Asotur es de S\/. 180 y para el p\u00fablico en general es de S\/. 220, que incluye el libro electr\u00f3nico Marketing Tur\u00edstico, copias electr\u00f3nicas de las conferencias y una constancia de participaci\u00f3n. Carlos Villena es un especialista en Marketing, que tiene en su haber varios libros editados sobre esta especialidad tan importante en el mundo de los negocios,\u00a0El programa tiene como objetivo proporcionar a los participantes una nueva herramienta que les permita perfeccionar su modo de trabajo, seg\u00fan sus propias realidades empresariales, de cara a 2015.<\/p>\n<p>Recomendamos este curso por ser altamente positivo. \u00a0 Informes: goo.gl\/SRTq2A<\/p>\n<p>&nbsp;<\/p>\n","protected":false},"excerpt":{"rendered":"<p>La Asociaci\u00f3n de Operadores de Turismo Receptivo del Per\u00fa (Asotur) dictar\u00e1 del 24 al 28 de noviembre el curso denominado \u201cPlan de marketing tur\u00edstico 2015\u201d, en el local ubicado en la Av. Primavera 264 oficina 247, distrito de Santiago de Surco. El expositor ser\u00e1 Carlos Villena, asesor y consultor de marketing. El precio para los socios de la Asotur es de S\/. 180 y para el p\u00fablico en general es de S\/. 220, que incluye el libro electr\u00f3nico Marketing Tur\u00edstico, copias electr\u00f3nicas de las conferencias y una constancia de participaci\u00f3n. Carlos Villena es un especialista en Marketing, que tiene en&#8230;<\/p>\n","protected":false},"author":1,"featured_media":0,"comment_status":"open","ping_status":"open","sticky":false,"template":"","format":"standard","meta":{"footnotes":""},"categories":[4,82],"tags":[3354,3355,482],"class_list":["post-8890","post","type-post","status-publish","format-standard","hentry","category-breaking-news","category-nacionales","tag-asotur","tag-carlos-villena","tag-marketing-turistico"],"_links":{"self":[{"href":"https:\/\/www.turistamagazine.com\/v2\/index.php?rest_route=\/wp\/v2\/posts\/8890","targetHints":{"allow":["GET"]}}],"collection":[{"href":"https:\/\/www.turistamagazine.com\/v2\/index.php?rest_route=\/wp\/v2\/posts"}],"about":[{"href":"https:\/\/www.turistamagazine.com\/v2\/index.php?rest_route=\/wp\/v2\/types\/post"}],"author":[{"embeddable":true,"href":"https:\/\/www.turistamagazine.com\/v2\/index.php?rest_route=\/wp\/v2\/users\/1"}],"replies":[{"embeddable":true,"href":"https:\/\/www.turistamagazine.com\/v2\/index.php?rest_route=%2Fwp%2Fv2%2Fcomments&post=8890"}],"version-history":[{"count":5,"href":"https:\/\/www.turistamagazine.com\/v2\/index.php?rest_route=\/wp\/v2\/posts\/8890\/revisions"}],"predecessor-version":[{"id":8894,"href":"https:\/\/www.turistamagazine.com\/v2\/index.php?rest_route=\/wp\/v2\/posts\/8890\/revisions\/8894"}],"wp:attachment":[{"href":"https:\/\/www.turistamagazine.com\/v2\/index.php?rest_route=%2Fwp%2Fv2%2Fmedia&parent=8890"}],"wp:term":[{"taxonomy":"category","embeddable":true,"href":"https:\/\/www.turistamagazine.com\/v2\/index.php?rest_route=%2Fwp%2Fv2%2Fcategories&post=8890"},{"taxonomy":"post_tag","embeddable":true,"href":"https:\/\/www.turistamagazine.com\/v2\/index.php?rest_route=%2Fwp%2Fv2%2Ftags&post=8890"}],"curies":[{"name":"wp","href":"https:\/\/api.w.org\/{rel}","templated":true}]}}