{"id":8777,"date":"2014-11-14T07:39:41","date_gmt":"2014-11-14T12:39:41","guid":{"rendered":"http:\/\/www.turistamagazine.com\/v2\/?p=8777"},"modified":"2014-11-14T07:39:41","modified_gmt":"2014-11-14T12:39:41","slug":"tren-nuevo-unira-mar-del-plata-buenos-aires-esta-temporada-de-verano","status":"publish","type":"post","link":"https:\/\/www.turistamagazine.com\/v2\/?p=8777","title":{"rendered":"TREN NUEVO UNIR\u00c1 MAR DEL PLATA-BUENOS AIRES ESTA TEMPORADA DE VERANO"},"content":{"rendered":"<p style=\"text-align: justify;\">En una semana Mar del Plata recibir\u00e1 en su estaci\u00f3n el primer tren cero kil\u00f3metro que unir\u00e1 a la ciudad atl\u00e1ntica con Buenos Aires. Mientras tanto, se est\u00e1n terminando las obras de renovaci\u00f3n de v\u00edas para que la formaci\u00f3n opere sin problemas, de cara a la temporada de verano.<\/p>\n<p style=\"text-align: justify;\">\u201cEl 21 de noviembre pr\u00f3ximo comenzar\u00e1n las pruebas y correr\u00e1 el primer tren 0km para que este verano vuelva a unir Capital Federal con la ciudad balnearia\u201d, inform\u00f3 el ministro del Interior y Transporte, Florencio Randazzo, agregando que el objetivo final es \u201cbrindar un servicio de calidad\u201d.<\/p>\n<p style=\"text-align: justify;\">Durante el anuncio, el funcionario cuestion\u00f3 el servicio que presta el gobierno de la provincia de Buenos Aires al asegurar que \u201ces sumamente deficiente y por eso nosotros tomamos la responsabilidad de renovar la mayor parte de las v\u00edas y adquirir trenes 0km para reconectar esta ciudad con Capital\u201d.<\/p>\n<p style=\"text-align: justify;\">De acuerdo a lo detallado, los nuevos trenes \u201ccuentan con la \u00faltima tecnolog\u00eda en seguridad y confort, con aire acondicionado, coches de primera, pulman y super pulman con servicio de bar abordo y todo lo que tiene que tener una formaci\u00f3n del siglo XXI\u201d.<\/p>\n<p style=\"text-align: justify;\">En relaci\u00f3n a la mejora del servicio Randazzo destac\u00f3 que \u201cMar del Plata ya dej\u00f3 de ser una ciudad exclusivamente de veraneo para convertirse en un centro muy pujante en numerosos sentidos, y este nuevo tren beneficiar\u00e1 no s\u00f3lo a los argentinos que peri\u00f3dicamente acuden por turismo, sino a todos aquellos que por distintos motivos la visitan durante todo el a\u00f1o\u201d.<\/p>\n<p style=\"text-align: justify;\">Desde el ejecutivo municipal anticiparon que el servicio \u201cser\u00e1 m\u00e1s r\u00e1pido\u201d, ya que no entrar\u00e1 en la ciudad de Chascom\u00fas.<\/p>\n<p style=\"text-align: justify;\">F\/ Latam\/Hosteltur<\/p>\n","protected":false},"excerpt":{"rendered":"<p>En una semana Mar del Plata recibir\u00e1 en su estaci\u00f3n el primer tren cero kil\u00f3metro que unir\u00e1 a la ciudad atl\u00e1ntica con Buenos Aires. Mientras tanto, se est\u00e1n terminando las obras de renovaci\u00f3n de v\u00edas para que la formaci\u00f3n opere sin problemas, de cara a la temporada de verano. \u201cEl 21 de noviembre pr\u00f3ximo comenzar\u00e1n las pruebas y correr\u00e1 el primer tren 0km para que este verano vuelva a unir Capital Federal con la ciudad balnearia\u201d, inform\u00f3 el ministro del Interior y Transporte, Florencio Randazzo, agregando que el objetivo final es \u201cbrindar un servicio de calidad\u201d. Durante el anuncio, el&#8230;<\/p>\n","protected":false},"author":1,"featured_media":0,"comment_status":"open","ping_status":"open","sticky":false,"template":"","format":"standard","meta":{"footnotes":""},"categories":[4,84],"tags":[227,678,244,3311],"class_list":["post-8777","post","type-post","status-publish","format-standard","hentry","category-breaking-news","category-internacionales","tag-argentina","tag-buenos-aires","tag-mar-del-plata","tag-tren-buenos-aires-mar-del-plata"],"_links":{"self":[{"href":"https:\/\/www.turistamagazine.com\/v2\/index.php?rest_route=\/wp\/v2\/posts\/8777","targetHints":{"allow":["GET"]}}],"collection":[{"href":"https:\/\/www.turistamagazine.com\/v2\/index.php?rest_route=\/wp\/v2\/posts"}],"about":[{"href":"https:\/\/www.turistamagazine.com\/v2\/index.php?rest_route=\/wp\/v2\/types\/post"}],"author":[{"embeddable":true,"href":"https:\/\/www.turistamagazine.com\/v2\/index.php?rest_route=\/wp\/v2\/users\/1"}],"replies":[{"embeddable":true,"href":"https:\/\/www.turistamagazine.com\/v2\/index.php?rest_route=%2Fwp%2Fv2%2Fcomments&post=8777"}],"version-history":[{"count":2,"href":"https:\/\/www.turistamagazine.com\/v2\/index.php?rest_route=\/wp\/v2\/posts\/8777\/revisions"}],"predecessor-version":[{"id":8780,"href":"https:\/\/www.turistamagazine.com\/v2\/index.php?rest_route=\/wp\/v2\/posts\/8777\/revisions\/8780"}],"wp:attachment":[{"href":"https:\/\/www.turistamagazine.com\/v2\/index.php?rest_route=%2Fwp%2Fv2%2Fmedia&parent=8777"}],"wp:term":[{"taxonomy":"category","embeddable":true,"href":"https:\/\/www.turistamagazine.com\/v2\/index.php?rest_route=%2Fwp%2Fv2%2Fcategories&post=8777"},{"taxonomy":"post_tag","embeddable":true,"href":"https:\/\/www.turistamagazine.com\/v2\/index.php?rest_route=%2Fwp%2Fv2%2Ftags&post=8777"}],"curies":[{"name":"wp","href":"https:\/\/api.w.org\/{rel}","templated":true}]}}