{"id":8766,"date":"2014-11-14T07:12:03","date_gmt":"2014-11-14T12:12:03","guid":{"rendered":"http:\/\/www.turistamagazine.com\/v2\/?p=8766"},"modified":"2014-11-14T08:05:04","modified_gmt":"2014-11-14T13:05:04","slug":"ollanta-y-nadine-con-el-papa-francisco","status":"publish","type":"post","link":"https:\/\/www.turistamagazine.com\/v2\/?p=8766","title":{"rendered":"OLLANTA Y NADINE CON EL PAPA FRANCISCO"},"content":{"rendered":"<p style=\"text-align: justify;\">Muy agradable y positiva fue la entrevista del Presidente del Per\u00fa y la primera dama Nadine, con el Papa Francisco, el presidente Ollanta \u00a0\u00a0se ha sentido muy bien tratado con mucho cari\u00f1o ya que es latinoamericano, y es muy f\u00e1cil \u00a0entenderse entre latinoamericanos, declar\u00f3 Ollanta a la salida La reuni\u00f3n dur\u00f3 35 minutos pero fue muy positiva.<\/p>\n<p style=\"text-align: justify;\">\u00a0Entre los temas que trataron el Papa expres\u00f3 que no podemos seguir con la pol\u00edtica del descarte tenemos que luchar por el empleo digno sobre todo por los j\u00f3venes que son los m\u00e1s vulnerables, los ni\u00f1os y nuestros adultos mayores.<\/p>\n<p style=\"text-align: justify;\">Nadine se siy\u00edo, muy feliz ya que como embajadora de la Quinua nombrada por la FAO tendr\u00e1 la oportunidad nuevamente de compartir con el Papa, ya que estar\u00e1 presente en La conferencia internacional en la FFO cuyos principal programa es luchar contra la desnutrici\u00f3n infantil en el mundo<\/p>\n<p style=\"text-align: justify;\">Entre los regalos que le llev\u00f3 el presidente Ollanta al papa francisco, est\u00e1 la camiseta de la selecci\u00f3n nacional, Una\u00a0 Imagen del Sr. de los Milagros, un libro de Gastronom\u00eda peruana y una estampa de San Mart\u00edn de Porres \u00a0que ellos llaman el \u00abSanto Moreno de la escoba\u201d&#8230; Evidentemente que todos los peruanos conocemos la vida y milagros de San Mart\u00edn de Porres, pero el Ollanta dijo que el Papa le aconsej\u00f3 <span style=\"color: #000080;\"><strong><em>\u201cque cuando tengamos problemas con algunos que no funcionen bien en nuestro pa\u00eds hay \u00a0que barrerlos con la escoba de San Mart\u00edn\u00bb. por su parte el Papa les obsequio\u00a0rosarios especialmente bendecidos.<\/em><\/strong>\u00a0<strong><em>Un comentario para Nadine, discreta, bien vestida, y cumpli\u00f3 con todo el protocolo.<\/em><\/strong><\/span><\/p>\n","protected":false},"excerpt":{"rendered":"<p>Muy agradable y positiva fue la entrevista del Presidente del Per\u00fa y la primera dama Nadine, con el Papa Francisco, el presidente Ollanta \u00a0\u00a0se ha sentido muy bien tratado con mucho cari\u00f1o ya que es latinoamericano, y es muy f\u00e1cil \u00a0entenderse entre latinoamericanos, declar\u00f3 Ollanta a la salida La reuni\u00f3n dur\u00f3 35 minutos pero fue muy positiva. \u00a0Entre los temas que trataron el Papa expres\u00f3 que no podemos seguir con la pol\u00edtica del descarte tenemos que luchar por el empleo digno sobre todo por los j\u00f3venes que son los m\u00e1s vulnerables, los ni\u00f1os y nuestros adultos mayores. Nadine se siy\u00edo,&#8230;<\/p>\n","protected":false},"author":1,"featured_media":0,"comment_status":"open","ping_status":"open","sticky":false,"template":"","format":"standard","meta":{"footnotes":""},"categories":[4,82],"tags":[237,236,171,340],"class_list":["post-8766","post","type-post","status-publish","format-standard","hentry","category-breaking-news","category-nacionales","tag-nadine-heredia","tag-ollanta-humala","tag-papa-francisco","tag-peru"],"_links":{"self":[{"href":"https:\/\/www.turistamagazine.com\/v2\/index.php?rest_route=\/wp\/v2\/posts\/8766","targetHints":{"allow":["GET"]}}],"collection":[{"href":"https:\/\/www.turistamagazine.com\/v2\/index.php?rest_route=\/wp\/v2\/posts"}],"about":[{"href":"https:\/\/www.turistamagazine.com\/v2\/index.php?rest_route=\/wp\/v2\/types\/post"}],"author":[{"embeddable":true,"href":"https:\/\/www.turistamagazine.com\/v2\/index.php?rest_route=\/wp\/v2\/users\/1"}],"replies":[{"embeddable":true,"href":"https:\/\/www.turistamagazine.com\/v2\/index.php?rest_route=%2Fwp%2Fv2%2Fcomments&post=8766"}],"version-history":[{"count":4,"href":"https:\/\/www.turistamagazine.com\/v2\/index.php?rest_route=\/wp\/v2\/posts\/8766\/revisions"}],"predecessor-version":[{"id":8770,"href":"https:\/\/www.turistamagazine.com\/v2\/index.php?rest_route=\/wp\/v2\/posts\/8766\/revisions\/8770"}],"wp:attachment":[{"href":"https:\/\/www.turistamagazine.com\/v2\/index.php?rest_route=%2Fwp%2Fv2%2Fmedia&parent=8766"}],"wp:term":[{"taxonomy":"category","embeddable":true,"href":"https:\/\/www.turistamagazine.com\/v2\/index.php?rest_route=%2Fwp%2Fv2%2Fcategories&post=8766"},{"taxonomy":"post_tag","embeddable":true,"href":"https:\/\/www.turistamagazine.com\/v2\/index.php?rest_route=%2Fwp%2Fv2%2Ftags&post=8766"}],"curies":[{"name":"wp","href":"https:\/\/api.w.org\/{rel}","templated":true}]}}