{"id":8744,"date":"2014-11-13T07:35:31","date_gmt":"2014-11-13T12:35:31","guid":{"rendered":"http:\/\/www.turistamagazine.com\/v2\/?p=8744"},"modified":"2014-11-13T07:35:31","modified_gmt":"2014-11-13T12:35:31","slug":"ayacucho-sera-sede-de-congreso-nacional-de-danzantes-de-tijeras-y-musicos-del-peru","status":"publish","type":"post","link":"https:\/\/www.turistamagazine.com\/v2\/?p=8744","title":{"rendered":"AYACUCHO SER\u00c1 SEDE DE CONGRESO NACIONAL DE DANZANTES DE TIJERAS Y M\u00daSICOS DEL PER\u00da"},"content":{"rendered":"<p style=\"text-align: justify;\">Ayacucho.- \u00a0Del 14 al 16 de noviembre se realizar\u00e1 el V Congreso Nacional de Danzantes de Tijeras y M\u00fasicos del Per\u00fa a desarrollarse en el distrito de Puquio, provincia de Lucanas (Ayacucho), por ser este el pueblo originario de la pr\u00e1ctica de esta danza, se anunci\u00f3.<\/p>\n<p style=\"text-align: justify;\">El Gobierno Regional de Ayacucho (GRA) se\u00f1al\u00f3 que este encuentro tiene como finalidad el fortalecimiento de la historia, contenido, simbolog\u00eda, y proyecci\u00f3n de la danza, adem\u00e1s de generar un acercamiento entre los actores de esta danza realzando los valores culturales y su cosmovisi\u00f3n.<\/p>\n<p style=\"text-align: justify;\">Sunilda Ochoa Huam\u00e1n, titular de la Direcci\u00f3n Regional de Comercio Exterior y Turismo (Dircetur) Ayacucho, mencion\u00f3 que este congreso busca generar mecanismos y medidas para salvaguardar la pr\u00e1ctica de la danza de las tijeras, fomentando y consolid\u00e1ndola desde el \u00e1mbito escolar, adem\u00e1s de proteger su naturaleza y conservar la memoria colectiva.<\/p>\n<p style=\"text-align: justify;\">\u00a0La danza de las tijeras, reconocida el a\u00f1o 2010 como \u201cPatrimonio Cultural Inmaterial de la Humanidad\u201d por la Unesco, es una danza ind\u00edgena originaria de la regi\u00f3n de Ayacucho en el Per\u00fa, cuyo marco musical es provisto por viol\u00edn y arpa, y que posteriormente fue difundida a las regiones de Huancavelica y Apur\u00edmac.<\/p>\n<p style=\"text-align: justify;\">\u00a0Se atribuye a Jos\u00e9 Mar\u00eda Arguedas la generalizaci\u00f3n del t\u00e9rmino \u00abdanzante de tijeras\u00bb por las tijeras que los danzantes llevan en la mano derecha y que las entrechocan mientras bailan, seg\u00fan los sacerdotes de la colonia, su lado m\u00e1gico obedece a un supuesto pacto con el diablo, debido a las sorprendentes pruebas que ejecutan en la danza.<\/p>\n<p style=\"text-align: justify;\">\u00a0Este encuentro es organizado por el Ministerio de Cultura, la Dircetur Ayacucho y la Confederaci\u00f3n Nacional de Danzantes de Tijeras y M\u00fasicos del Per\u00fa, con apoyo de la Unesco.<\/p>\n","protected":false},"excerpt":{"rendered":"<p>Ayacucho.- \u00a0Del 14 al 16 de noviembre se realizar\u00e1 el V Congreso Nacional de Danzantes de Tijeras y M\u00fasicos del Per\u00fa a desarrollarse en el distrito de Puquio, provincia de Lucanas (Ayacucho), por ser este el pueblo originario de la pr\u00e1ctica de esta danza, se anunci\u00f3. El Gobierno Regional de Ayacucho (GRA) se\u00f1al\u00f3 que este encuentro tiene como finalidad el fortalecimiento de la historia, contenido, simbolog\u00eda, y proyecci\u00f3n de la danza, adem\u00e1s de generar un acercamiento entre los actores de esta danza realzando los valores culturales y su cosmovisi\u00f3n. Sunilda Ochoa Huam\u00e1n, titular de la Direcci\u00f3n Regional de Comercio Exterior&#8230;<\/p>\n","protected":false},"author":1,"featured_media":0,"comment_status":"open","ping_status":"open","sticky":false,"template":"","format":"standard","meta":{"footnotes":""},"categories":[4,82],"tags":[612,3304,3305],"class_list":["post-8744","post","type-post","status-publish","format-standard","hentry","category-breaking-news","category-nacionales","tag-ayacucho","tag-danza-de-las-tijeras","tag-v-congreso-nacional-de-danzantes-de-tijeras"],"_links":{"self":[{"href":"https:\/\/www.turistamagazine.com\/v2\/index.php?rest_route=\/wp\/v2\/posts\/8744","targetHints":{"allow":["GET"]}}],"collection":[{"href":"https:\/\/www.turistamagazine.com\/v2\/index.php?rest_route=\/wp\/v2\/posts"}],"about":[{"href":"https:\/\/www.turistamagazine.com\/v2\/index.php?rest_route=\/wp\/v2\/types\/post"}],"author":[{"embeddable":true,"href":"https:\/\/www.turistamagazine.com\/v2\/index.php?rest_route=\/wp\/v2\/users\/1"}],"replies":[{"embeddable":true,"href":"https:\/\/www.turistamagazine.com\/v2\/index.php?rest_route=%2Fwp%2Fv2%2Fcomments&post=8744"}],"version-history":[{"count":2,"href":"https:\/\/www.turistamagazine.com\/v2\/index.php?rest_route=\/wp\/v2\/posts\/8744\/revisions"}],"predecessor-version":[{"id":8748,"href":"https:\/\/www.turistamagazine.com\/v2\/index.php?rest_route=\/wp\/v2\/posts\/8744\/revisions\/8748"}],"wp:attachment":[{"href":"https:\/\/www.turistamagazine.com\/v2\/index.php?rest_route=%2Fwp%2Fv2%2Fmedia&parent=8744"}],"wp:term":[{"taxonomy":"category","embeddable":true,"href":"https:\/\/www.turistamagazine.com\/v2\/index.php?rest_route=%2Fwp%2Fv2%2Fcategories&post=8744"},{"taxonomy":"post_tag","embeddable":true,"href":"https:\/\/www.turistamagazine.com\/v2\/index.php?rest_route=%2Fwp%2Fv2%2Ftags&post=8744"}],"curies":[{"name":"wp","href":"https:\/\/api.w.org\/{rel}","templated":true}]}}