{"id":8624,"date":"2014-11-08T11:52:20","date_gmt":"2014-11-08T16:52:20","guid":{"rendered":"http:\/\/www.turistamagazine.com\/v2\/?p=8624"},"modified":"2014-11-08T11:52:20","modified_gmt":"2014-11-08T16:52:20","slug":"se-inicio-teleton-2014-con-la-meta-de-reunir-s-5-millones-en-21-horas","status":"publish","type":"post","link":"https:\/\/www.turistamagazine.com\/v2\/?p=8624","title":{"rendered":"SE INICIO TELET\u00d3N 2014 CON LA META DE REUNIR S\/. 5 MILLONES EN 21 HORAS"},"content":{"rendered":"<p style=\"text-align: justify;\">\u00a0Con el lema \u00ab\u00bfNos unimos otra vez?\u00bb, se inici\u00f3 anoche la Telet\u00f3n 2014, cruzada a favor de los ni\u00f1os del hogar cl\u00ednica San Juan de Dios, cuya meta para este a\u00f1o es recaudar cinco millones de nuevos soles.<\/p>\n<p style=\"text-align: justify;\">La jornada de solidaridad se inici\u00f3 al promediar las 23: 00 horas, en el colegio Alfonso Ugarte, ubicado en el distrito de San Isidro.<\/p>\n<p style=\"text-align: justify;\">Una de las primeras autoridades en participar en dicho evento, fue la presidenta del Consejo de Ministros, Ana Jara, quien exhort\u00f3 a todos los peruanos a sumarse a esa campa\u00f1a de solidaridad.<\/p>\n<p style=\"text-align: justify;\">La meta trazada para este a\u00f1o (cinco millones de soles) permitir\u00e1 solventar los tratamientos en el referido centro de atenci\u00f3n. Seg\u00fan la Sociedad Nacional de Radio y Televisi\u00f3n, todos los canales nacionales transmitir\u00e1n la Telet\u00f3n\u00a0 2014 en simult\u00e1neo.<\/p>\n<p style=\"text-align: justify;\">La telet\u00f3n o telemarat\u00f3n naci\u00f3 en Estados Unidos, en 1966, cuando el actor c\u00f3mico Jerry Lewis decidi\u00f3 apoyar a la Asociaci\u00f3n Americana de Distrofia Muscular con una marat\u00f3n televisiva transmitida en cadena. Varios a\u00f1os despu\u00e9s, la primera edici\u00f3n peruana se realiz\u00f3 el 11 y 12 de diciembre de 1981, en el marco del A\u00f1o Internacional del Minusv\u00e1lido.<\/p>\n<p style=\"text-align: justify;\"><span style=\"color: #000080;\"><strong>Ya colabor\u00f3 \u00a0con la Telet\u00f3n? sino lo hizo las Ctas \u00a0Ahorros en \u00a0Soles en el BCP N\u00ba 11-11-11<\/strong><\/span><\/p>\n<p style=\"text-align: justify;\"><span style=\"color: #000080;\"><strong>Cta Ahorros D\u00f3lares N\u00ba 77-77-77\u00a0<\/strong><\/span><\/p>\n<p style=\"text-align: justify;\"><span style=\"color: #000080;\"><em><strong>A depositar ya, no es una colaboraci\u00f3n es una obligaci\u00f3n\u00a0<\/strong><\/em><\/span><\/p>\n<p>F\/ Andina<\/p>\n","protected":false},"excerpt":{"rendered":"<p>\u00a0Con el lema \u00ab\u00bfNos unimos otra vez?\u00bb, se inici\u00f3 anoche la Telet\u00f3n 2014, cruzada a favor de los ni\u00f1os del hogar cl\u00ednica San Juan de Dios, cuya meta para este a\u00f1o es recaudar cinco millones de nuevos soles. La jornada de solidaridad se inici\u00f3 al promediar las 23: 00 horas, en el colegio Alfonso Ugarte, ubicado en el distrito de San Isidro. Una de las primeras autoridades en participar en dicho evento, fue la presidenta del Consejo de Ministros, Ana Jara, quien exhort\u00f3 a todos los peruanos a sumarse a esa campa\u00f1a de solidaridad. La meta trazada para este a\u00f1o&#8230;<\/p>\n","protected":false},"author":1,"featured_media":0,"comment_status":"open","ping_status":"open","sticky":false,"template":"","format":"standard","meta":{"footnotes":""},"categories":[4,82],"tags":[3264,321,340,3263,3255],"class_list":["post-8624","post","type-post","status-publish","format-standard","hentry","category-breaking-news","category-nacionales","tag-nos-unimos-otra-vez","tag-lima","tag-peru","tag-san-juan-de-dios","tag-teleton"],"_links":{"self":[{"href":"https:\/\/www.turistamagazine.com\/v2\/index.php?rest_route=\/wp\/v2\/posts\/8624","targetHints":{"allow":["GET"]}}],"collection":[{"href":"https:\/\/www.turistamagazine.com\/v2\/index.php?rest_route=\/wp\/v2\/posts"}],"about":[{"href":"https:\/\/www.turistamagazine.com\/v2\/index.php?rest_route=\/wp\/v2\/types\/post"}],"author":[{"embeddable":true,"href":"https:\/\/www.turistamagazine.com\/v2\/index.php?rest_route=\/wp\/v2\/users\/1"}],"replies":[{"embeddable":true,"href":"https:\/\/www.turistamagazine.com\/v2\/index.php?rest_route=%2Fwp%2Fv2%2Fcomments&post=8624"}],"version-history":[{"count":1,"href":"https:\/\/www.turistamagazine.com\/v2\/index.php?rest_route=\/wp\/v2\/posts\/8624\/revisions"}],"predecessor-version":[{"id":8626,"href":"https:\/\/www.turistamagazine.com\/v2\/index.php?rest_route=\/wp\/v2\/posts\/8624\/revisions\/8626"}],"wp:attachment":[{"href":"https:\/\/www.turistamagazine.com\/v2\/index.php?rest_route=%2Fwp%2Fv2%2Fmedia&parent=8624"}],"wp:term":[{"taxonomy":"category","embeddable":true,"href":"https:\/\/www.turistamagazine.com\/v2\/index.php?rest_route=%2Fwp%2Fv2%2Fcategories&post=8624"},{"taxonomy":"post_tag","embeddable":true,"href":"https:\/\/www.turistamagazine.com\/v2\/index.php?rest_route=%2Fwp%2Fv2%2Ftags&post=8624"}],"curies":[{"name":"wp","href":"https:\/\/api.w.org\/{rel}","templated":true}]}}