{"id":8101,"date":"2014-10-16T16:33:47","date_gmt":"2014-10-16T21:33:47","guid":{"rendered":"http:\/\/www.turistamagazine.com\/v2\/?p=8101"},"modified":"2014-10-16T16:33:47","modified_gmt":"2014-10-16T21:33:47","slug":"dependencia-informatica","status":"publish","type":"post","link":"https:\/\/www.turistamagazine.com\/v2\/?p=8101","title":{"rendered":"DEPENDENCIA INFORM\u00c1TICA"},"content":{"rendered":"<p style=\"text-align: justify;\" align=\"center\">No hay duda que cada d\u00eda nos hacemos m\u00e1s dependientes de la inform\u00e1tica, m\u00e1s a\u00fan cuando incursionamos en el oficio period\u00edstico.<\/p>\n<p style=\"text-align: justify;\">Nos sucedi\u00f3 esta semana, el reciente lunes nos vimos muy presionados para env\u00eda su esperado y habitual Portal de Noticias TuristamagazineDestinos\u2026 Para su informaci\u00f3n los d\u00edas s\u00e1bados y domingos son los d\u00edas de m\u00e1s trabajo en esta redacci\u00f3n, ya estamos acostumbrados, y el d\u00eda lunes empezamos muy temprano para llegar a Uds. en un horario aceptable teniendo en cuenta nuestra lector\u00eda extranjera y diferencia de horarios.<\/p>\n<p style=\"text-align: justify;\">Ya que este lunes nos fall\u00f3 precisamente\u00a0 la tecnolog\u00eda, nos quedamos completamente incomunicados puesto que nuestro servidor no nos permit\u00eda ni enviar ni recibir\u00a0 ning\u00fan tipo de comunicaci\u00f3n, felizmente nuestra p\u00e1gina Web si funcionaba y mayormente Uds. no notaron mayores fallas, pero algunos lectores se comunicaron con nosotros por nuestro correo en gmail y nos hicieron notar algunas, gracias a todos ellos, pero no pudimos hacer nada por corregirlas.<\/p>\n<p style=\"text-align: justify;\">Este suceso nos recuerda la exposici\u00f3n de una brillante amiga, que ten\u00eda un dominio total hace algunos a\u00f1os de la tecnolog\u00eda cuya tesis se basaba en la importancia de la misma, y que no alcanz\u00f3 una nota sobresaliente en su sustentaci\u00f3n de tesis para su grado de Licenciatura, porque le fall\u00f3 la tecnolog\u00eda, y recuerdo muy claro cuando el jurado le pregunt\u00f3 si hab\u00eda tenido alguna dificultad para concretar este trabajo, ella contest\u00f3 \u00absi precisamente la tecnolog\u00eda\u00bb ya que no pudo exponer su \u00a0excelente trabajo en un power point que hab\u00eda preparado con cuadros y estad\u00edsticas&#8230;<\/p>\n<p style=\"text-align: justify;\"><span style=\"color: #000080;\"><strong><em>La semana que pas\u00f3, precisamente tuvimos una muy interesante conversaci\u00f3n con una gran artista pl\u00e1stica peruana, Marta Matellini cuya entrevista aparecer\u00e1\u00a0 pronto, y conversamos sobre la falta de comunicaci\u00f3n verbal, que se ha perdido el placer de una buena conversaci\u00f3n, mirando a los ojos al amigo, al hijo, o al vecino\u2026 Todos vivimos apresurados, sin prestar mayormente atenci\u00f3n al otro, justamente porque nos estamos acostumbrando a esta comunicaci\u00f3n fugaz y sin trascendencia, y muy r\u00e1pidamente olvidamos lo que nos dicen porque nos hemos convertido en seres \u201cmultitasking\u201d y realmente es una pena.<\/em><\/strong><\/span><\/p>\n<p style=\"text-align: justify;\">Estamos leyendo el libro de Ismael Cala, famoso periodista, entrevistador cubano- americano de CNN en espa\u00f1ol <span style=\"color: #000080;\"><strong><em>\u201cEl secreto del buen hablar es saber escuchar\u201d,<\/em> <\/strong><\/span>estuvo aqu\u00ed en Lima para presentar su libro en la \u00faltima versi\u00f3n de la Feria de Libro, fuimos a escucharlo , pero hab\u00eda tal cantidad de p\u00fablico, esperando para que les firmara su libro que no tuvimos la suerte de acercarnos\u2026 Es un libro hermoso, se lo recomendamos,\u00a0 Ismael brinda una serie de pautas que a trav\u00e9s de su experiencia ha podido poner en pr\u00e1ctica que le ha servido mucho para lograr el \u00e9xito de sus entrevista\u2026<\/p>\n<p style=\"text-align: justify;\">Una semana especial para nosotros, tener una conversaci\u00f3n viva, fresca, un\u00a0 t\u00eate \u00e0 t\u00eate con Martha, quedarnos incomunicados por la tecnolog\u00eda, y tener el placer de leer el libro de Ismael Cala\u2026<\/p>\n<p style=\"text-align: justify;\">\n<p style=\"text-align: justify;\">\n<p style=\"text-align: justify;\"><strong>E.V.<\/strong><\/p>\n<p style=\"text-align: justify;\"><strong>Imagen: ww.informatica-hoy.com.ar<\/strong><\/p>\n","protected":false},"excerpt":{"rendered":"<p>No hay duda que cada d\u00eda nos hacemos m\u00e1s dependientes de la inform\u00e1tica, m\u00e1s a\u00fan cuando incursionamos en el oficio period\u00edstico. Nos sucedi\u00f3 esta semana, el reciente lunes nos vimos muy presionados para env\u00eda su esperado y habitual Portal de Noticias TuristamagazineDestinos\u2026 Para su informaci\u00f3n los d\u00edas s\u00e1bados y domingos son los d\u00edas de m\u00e1s trabajo en esta redacci\u00f3n, ya estamos acostumbrados, y el d\u00eda lunes empezamos muy temprano para llegar a Uds. en un horario aceptable teniendo en cuenta nuestra lector\u00eda extranjera y diferencia de horarios. Ya que este lunes nos fall\u00f3 precisamente\u00a0 la tecnolog\u00eda, nos quedamos completamente incomunicados&#8230;<\/p>\n","protected":false},"author":1,"featured_media":0,"comment_status":"open","ping_status":"open","sticky":false,"template":"","format":"standard","meta":{"footnotes":""},"categories":[90],"tags":[3120,99],"class_list":["post-8101","post","type-post","status-publish","format-standard","hentry","category-pensando-en-voz-alta","tag-dependencia-informatica","tag-elenita-villar"],"_links":{"self":[{"href":"https:\/\/www.turistamagazine.com\/v2\/index.php?rest_route=\/wp\/v2\/posts\/8101","targetHints":{"allow":["GET"]}}],"collection":[{"href":"https:\/\/www.turistamagazine.com\/v2\/index.php?rest_route=\/wp\/v2\/posts"}],"about":[{"href":"https:\/\/www.turistamagazine.com\/v2\/index.php?rest_route=\/wp\/v2\/types\/post"}],"author":[{"embeddable":true,"href":"https:\/\/www.turistamagazine.com\/v2\/index.php?rest_route=\/wp\/v2\/users\/1"}],"replies":[{"embeddable":true,"href":"https:\/\/www.turistamagazine.com\/v2\/index.php?rest_route=%2Fwp%2Fv2%2Fcomments&post=8101"}],"version-history":[{"count":1,"href":"https:\/\/www.turistamagazine.com\/v2\/index.php?rest_route=\/wp\/v2\/posts\/8101\/revisions"}],"predecessor-version":[{"id":8103,"href":"https:\/\/www.turistamagazine.com\/v2\/index.php?rest_route=\/wp\/v2\/posts\/8101\/revisions\/8103"}],"wp:attachment":[{"href":"https:\/\/www.turistamagazine.com\/v2\/index.php?rest_route=%2Fwp%2Fv2%2Fmedia&parent=8101"}],"wp:term":[{"taxonomy":"category","embeddable":true,"href":"https:\/\/www.turistamagazine.com\/v2\/index.php?rest_route=%2Fwp%2Fv2%2Fcategories&post=8101"},{"taxonomy":"post_tag","embeddable":true,"href":"https:\/\/www.turistamagazine.com\/v2\/index.php?rest_route=%2Fwp%2Fv2%2Ftags&post=8101"}],"curies":[{"name":"wp","href":"https:\/\/api.w.org\/{rel}","templated":true}]}}