{"id":7996,"date":"2014-10-08T09:19:56","date_gmt":"2014-10-08T14:19:56","guid":{"rendered":"http:\/\/www.turistamagazine.com\/v2\/?p=7996"},"modified":"2014-10-08T09:19:56","modified_gmt":"2014-10-08T14:19:56","slug":"peruceremonia-central-de-homenaje-a-miguel-grau-se-realiza-hoy-en-callao","status":"publish","type":"post","link":"https:\/\/www.turistamagazine.com\/v2\/?p=7996","title":{"rendered":"PERU:CEREMONIA CENTRAL DE HOMENAJE A MIGUEL GRAU SE REALIZA HOY EN CALLAO"},"content":{"rendered":"<p style=\"text-align: justify;\">Lima, oct. 08. Un nutrido programa de actividades se realiza hoy en el Callao, en homenaje al Almirante Miguel Grau Seminario por su heroica inmolaci\u00f3n en el combate naval de Angamos, hace 135 a\u00f1os. La Plaza Grau del primer puerto ser\u00e1 este mi\u00e9rcoles 8 de octubre, desde las 09.00 horas, escenario de la ceremonia central de homenaje al \u00abCaballero de los Mares\u00bb, a la que acudir\u00e1n representantes de diferentes entidades del Estado, as\u00ed como autoridades civiles y militares.<\/p>\n<p style=\"text-align: justify;\">Cincuenta minutos despu\u00e9s se har\u00e1 el \u00abMinuto de silencio\u00bb, que recuerda el instante en que el ilustre marino se elev\u00f3 a la inmortalidad en la epopeya de Angamos. Este acto se realizar\u00e1 simult\u00e1neamente en todo el pa\u00eds. En el curso de la ceremonia, el comandante general de la Marina, almirante Carlos Tejada Mera, pronunciar\u00e1 su tradicional Proclama dirigido al personal naval.<\/p>\n<p style=\"text-align: justify;\">Como corolario de la ceremonia, se dar\u00e1 inicio al desfile del Agrupamiento Naval y de las delegaciones del Ej\u00e9rcito del Per\u00fa, Fuerza A\u00e9rea, Polic\u00eda Nacional del Per\u00fa, as\u00ed como parte de la dotaci\u00f3n militar del buque \u00abUSS Ingraham\u00bb de la Armada de los Estados Unidos de Am\u00e9rica, que por primera vez participan de este homenaje.<\/p>\n<p style=\"text-align: justify;\">\u00a0Finalmente, se realizar\u00e1 la ceremonia de lanzamiento de una ofrenda floral en altamar, en honor al \u00abPeruano del Milenio\u00bb. (\u2026)<\/p>\n<p style=\"text-align: justify;\"><span style=\"color: #000080;\"><strong><em>Emotivo minuto de silencio \u00a0a las 9.50 am. vivido en homenaje de nuestro inolvidable y caballeroso \u201cH\u00c9ROE \u00a0MIGUEL GRAU SEMINARIO, \u00daNICO, \u00a0EL CABALLERO DE LOS MARES, \u00a0recordando el minuto en que murio, siempre en el coraz\u00f3n de todos los peruanos.<\/em><\/strong><\/span><\/p>\n<p style=\"text-align: justify;\">F\/ Andina\/F\/ La Rep\u00fablica<\/p>\n","protected":false},"excerpt":{"rendered":"<p>Lima, oct. 08. Un nutrido programa de actividades se realiza hoy en el Callao, en homenaje al Almirante Miguel Grau Seminario por su heroica inmolaci\u00f3n en el combate naval de Angamos, hace 135 a\u00f1os. La Plaza Grau del primer puerto ser\u00e1 este mi\u00e9rcoles 8 de octubre, desde las 09.00 horas, escenario de la ceremonia central de homenaje al \u00abCaballero de los Mares\u00bb, a la que acudir\u00e1n representantes de diferentes entidades del Estado, as\u00ed como autoridades civiles y militares. Cincuenta minutos despu\u00e9s se har\u00e1 el \u00abMinuto de silencio\u00bb, que recuerda el instante en que el ilustre marino se elev\u00f3 a la&#8230;<\/p>\n","protected":false},"author":1,"featured_media":0,"comment_status":"open","ping_status":"open","sticky":false,"template":"","format":"standard","meta":{"footnotes":""},"categories":[4,82],"tags":[988,3080,3081,3079,340],"class_list":["post-7996","post","type-post","status-publish","format-standard","hentry","category-breaking-news","category-nacionales","tag-callao","tag-combate-de-angamos","tag-marina-de-guerra-del-peru","tag-miguel-grau","tag-peru"],"_links":{"self":[{"href":"https:\/\/www.turistamagazine.com\/v2\/index.php?rest_route=\/wp\/v2\/posts\/7996","targetHints":{"allow":["GET"]}}],"collection":[{"href":"https:\/\/www.turistamagazine.com\/v2\/index.php?rest_route=\/wp\/v2\/posts"}],"about":[{"href":"https:\/\/www.turistamagazine.com\/v2\/index.php?rest_route=\/wp\/v2\/types\/post"}],"author":[{"embeddable":true,"href":"https:\/\/www.turistamagazine.com\/v2\/index.php?rest_route=\/wp\/v2\/users\/1"}],"replies":[{"embeddable":true,"href":"https:\/\/www.turistamagazine.com\/v2\/index.php?rest_route=%2Fwp%2Fv2%2Fcomments&post=7996"}],"version-history":[{"count":3,"href":"https:\/\/www.turistamagazine.com\/v2\/index.php?rest_route=\/wp\/v2\/posts\/7996\/revisions"}],"predecessor-version":[{"id":8000,"href":"https:\/\/www.turistamagazine.com\/v2\/index.php?rest_route=\/wp\/v2\/posts\/7996\/revisions\/8000"}],"wp:attachment":[{"href":"https:\/\/www.turistamagazine.com\/v2\/index.php?rest_route=%2Fwp%2Fv2%2Fmedia&parent=7996"}],"wp:term":[{"taxonomy":"category","embeddable":true,"href":"https:\/\/www.turistamagazine.com\/v2\/index.php?rest_route=%2Fwp%2Fv2%2Fcategories&post=7996"},{"taxonomy":"post_tag","embeddable":true,"href":"https:\/\/www.turistamagazine.com\/v2\/index.php?rest_route=%2Fwp%2Fv2%2Ftags&post=7996"}],"curies":[{"name":"wp","href":"https:\/\/api.w.org\/{rel}","templated":true}]}}