{"id":7818,"date":"2014-09-29T05:35:43","date_gmt":"2014-09-29T10:35:43","guid":{"rendered":"http:\/\/www.turistamagazine.com\/v2\/?p=7818"},"modified":"2014-09-29T05:35:43","modified_gmt":"2014-09-29T10:35:43","slug":"francia-los-pilotos-de-air-france-ponen-fin-a-la-huelga","status":"publish","type":"post","link":"https:\/\/www.turistamagazine.com\/v2\/?p=7818","title":{"rendered":"FRANCIA: LOS PILOTOS DE AIR FRANCE PONEN FIN A LA HUELGA"},"content":{"rendered":"<p style=\"text-align: justify;\">Los pilotos de Air France han decidido poner fin este domingo a una huelga de dos semanas que ha paralizado a la aerol\u00ednea francesa, inform\u00f3 a Reuters el domingo un dirigente sindical.<\/p>\n<p style=\"text-align: justify;\">Air France estaba en medio de una disputa con los pilotos a ra\u00edz de sus planes para crear una aerol\u00ednea &#8216;low cost&#8217;, lo que provoc\u00f3 una huelga que le ha costado m\u00e1s de US$ 25 millones diarios, m\u00e1s de lo que se esperaba, \u00a0en Air France-KLM cifra en entre 10 y 15 M \u20ac al d\u00eda el impacto de la huelga de pilotos.<\/p>\n<p style=\"text-align: justify;\">Adem\u00e1s, ha afectado mucho a las agencias y turoperadores, seg\u00fan Las agencias francesas pierden 5 M \u20ac en la primera semana de huelga de Air France y Los turoperadores franceses, desbordados por la huelga de Air France<\/p>\n<p style=\"text-align: justify;\"><strong>\u00abPuedo confirmar que el SNPL (el principal sindicato de la aerol\u00ednea) ha decidido poner fin a la huelga\u00bb<\/strong>, dijo a Reuters Julien Doboz, portavoz de SPAF, otro de los sindicatos de pilotos de Air France.<\/p>\n<p style=\"text-align: justify;\">El primer ministro franc\u00e9s, Manuel Valls, ha pedido a todas las partes en nombre del Gobierno -accionista de Air France con representaci\u00f3n en su junta directiva- que \u00abreconquisten la confianza\u00bb y reanuden el desarrollo de la compa\u00f1\u00eda.<\/p>\n<p>F\/ Latam<\/p>\n","protected":false},"excerpt":{"rendered":"<p>Los pilotos de Air France han decidido poner fin este domingo a una huelga de dos semanas que ha paralizado a la aerol\u00ednea francesa, inform\u00f3 a Reuters el domingo un dirigente sindical. Air France estaba en medio de una disputa con los pilotos a ra\u00edz de sus planes para crear una aerol\u00ednea &#8216;low cost&#8217;, lo que provoc\u00f3 una huelga que le ha costado m\u00e1s de US$ 25 millones diarios, m\u00e1s de lo que se esperaba, \u00a0en Air France-KLM cifra en entre 10 y 15 M \u20ac al d\u00eda el impacto de la huelga de pilotos. Adem\u00e1s, ha afectado mucho a&#8230;<\/p>\n","protected":false},"author":1,"featured_media":0,"comment_status":"open","ping_status":"open","sticky":false,"template":"","format":"standard","meta":{"footnotes":""},"categories":[4,84],"tags":[622,650,3027,471,3026],"class_list":["post-7818","post","type-post","status-publish","format-standard","hentry","category-breaking-news","category-internacionales","tag-air-france","tag-air-france-klm","tag-fin-de-la-huelga-de-pilotos-air-france","tag-francia","tag-reuters-julien-doboz"],"_links":{"self":[{"href":"https:\/\/www.turistamagazine.com\/v2\/index.php?rest_route=\/wp\/v2\/posts\/7818","targetHints":{"allow":["GET"]}}],"collection":[{"href":"https:\/\/www.turistamagazine.com\/v2\/index.php?rest_route=\/wp\/v2\/posts"}],"about":[{"href":"https:\/\/www.turistamagazine.com\/v2\/index.php?rest_route=\/wp\/v2\/types\/post"}],"author":[{"embeddable":true,"href":"https:\/\/www.turistamagazine.com\/v2\/index.php?rest_route=\/wp\/v2\/users\/1"}],"replies":[{"embeddable":true,"href":"https:\/\/www.turistamagazine.com\/v2\/index.php?rest_route=%2Fwp%2Fv2%2Fcomments&post=7818"}],"version-history":[{"count":1,"href":"https:\/\/www.turistamagazine.com\/v2\/index.php?rest_route=\/wp\/v2\/posts\/7818\/revisions"}],"predecessor-version":[{"id":7819,"href":"https:\/\/www.turistamagazine.com\/v2\/index.php?rest_route=\/wp\/v2\/posts\/7818\/revisions\/7819"}],"wp:attachment":[{"href":"https:\/\/www.turistamagazine.com\/v2\/index.php?rest_route=%2Fwp%2Fv2%2Fmedia&parent=7818"}],"wp:term":[{"taxonomy":"category","embeddable":true,"href":"https:\/\/www.turistamagazine.com\/v2\/index.php?rest_route=%2Fwp%2Fv2%2Fcategories&post=7818"},{"taxonomy":"post_tag","embeddable":true,"href":"https:\/\/www.turistamagazine.com\/v2\/index.php?rest_route=%2Fwp%2Fv2%2Ftags&post=7818"}],"curies":[{"name":"wp","href":"https:\/\/api.w.org\/{rel}","templated":true}]}}