{"id":7618,"date":"2014-09-21T10:21:31","date_gmt":"2014-09-21T15:21:31","guid":{"rendered":"http:\/\/www.turistamagazine.com\/v2\/?p=7618"},"modified":"2014-09-21T10:26:48","modified_gmt":"2014-09-21T15:26:48","slug":"21-de-setiembre-inicio-de-la-primavera","status":"publish","type":"post","link":"https:\/\/www.turistamagazine.com\/v2\/?p=7618","title":{"rendered":"21 DE SETIEMBRE INICIO DE LA PRIMAVERA"},"content":{"rendered":"<p style=\"text-align: justify;\"><strong><span style=\"color: #000080;\">FRAN-CA-MENTE.-<\/span><\/strong> Ya no vamos hablar de la campa\u00f1a municipal ni de presidentes regionales, porque realmente llega \u00a0a limites repugnantes, y queremos ser felices, pues hablaremos de la primavera, por si Ud. amigo lector no se enter\u00f3 ya estamos en Primavera <strong><em><span style=\"color: #000080;\">\u00bfPrimavera? \u201cOnst\u00e1s\u201d<\/span><\/em><\/strong> que no te sentimos, pues precisamente creemos que ha sido uno de los d\u00edas m\u00e1s fr\u00edos y horribles, de esta Lima preciosa, alegre, criolla, \u00a0chismosa,\u00a0 donde algunos integrantes de la llamada \u00a0far\u00e1ndula por dinero son capaces de hacer escarnio de sus propias vidas y encantadora, pues su encanto debe tener como la mujer peruana, puesto que todos quieren ser alcaldes, bueno dijimos no hablar de pol\u00edtica municipal, pero no podemos\u2026<\/p>\n<p style=\"text-align: justify;\">Tal vez mi querido lector a Ud. tambi\u00e9n lo llam\u00f3\u00a0 por tel\u00e9fono una voz seductora, que dec\u00eda algo as\u00ed como <span style=\"color: #000080;\"><strong><em>\u201cTodos somos peruanos\u201d<\/em> <\/strong><\/span>y no sabemos que m\u00e1s, porque como ya los peruanos estamos cansados de llamadas raras, colgamos autom\u00e1ticamente el tel\u00e9fono, despu\u00e9s nos enteramos que fue \u00a0M\u00f3nica S\u00e1nchez, <strong><span style=\"color: #000080;\"><em>pero pareciera que le hizo flaco favor a la \u201cT\u00eda Susy\u201d, puesto que no ha subido en las encuestas y ahora hasta \u201cMelcochita\u201d es su jale\u2026 Nosotros somos de la opini\u00f3n que hasta para perder hay que tener sobriedad, \u00bfPero qu\u00e9 sabemos nosotros de los intr\u00edngulis de la politiquer\u00eda?<\/em><\/span><\/strong><\/p>\n<p style=\"text-align: justify;\">El Dr. Ciro \u00a0Castillo Rojo, que quiere ganar la presidente regional del Callao, desminti\u00f3 a los que lo publicaron que no utilizar\u00eda la muerte de su \u00a0hijo para ganar adeptos, y en la franja electoral que hemos escuchado dice lo siguiente \u00a0<strong><em><span style=\"color: #000080;\">\u201cas\u00ed como tuve el valor y la fuerza de luchar para encontrar a mi hijo\u201d, as\u00ed lo har\u00e9 etc. etc. \u2026 Nos preguntamos \u00bfQu\u00e9 est\u00e1 haciendo Dr. con ese mensaje?&#8230;<\/span><\/em><\/strong><\/p>\n<p style=\"text-align: justify;\"><span style=\"color: #000080;\"><strong><em>Retornando \u00a0al tema de la primavera, para nosotros setiembre es un mes muy especial,\u00a0 google le dedico un doodle que seguramente todos han visto donde todo florece hasta el mu\u00f1equito que representa a la humanidad\u2026 Pues as\u00ed mismo esperamos florecer nosotros, como las bellas \u00a0violetas \u00a0africanas que nos encantan\u2026\u00a0<\/em><\/strong><\/span><\/p>\n<p style=\"text-align: justify;\">La primavera es el mes del amor supuestamente ya que todo empieza a tomar otro color, los pajarillos cantan, las flores se ponen hermosas, \u00a0las hojas reverdecen\u2026 Y nos llenamos de esperanzas\u2026<span style=\"color: #000080;\"><em><strong> Los insultos, peleas, y Lobys, se los dejamos para quienes est\u00e1n acostumbrados\u2026 Feliz d\u00eda Primavera\u2026 Bienvenida\u2026 Pero please\u00a0 ya calienta un poquito el clima\u2026 qu\u00e9 fr\u00edo ya hemos tenido bastante\u2026 <\/strong><\/em><strong>FRANCAMENTE<\/strong><\/span><\/p>\n<p><span style=\"color: #000080;\"><em><strong>\u00a0<\/strong><\/em><\/span><\/p>\n","protected":false},"excerpt":{"rendered":"<p>FRAN-CA-MENTE.- Ya no vamos hablar de la campa\u00f1a municipal ni de presidentes regionales, porque realmente llega \u00a0a limites repugnantes, y queremos ser felices, pues hablaremos de la primavera, por si Ud. amigo lector no se enter\u00f3 ya estamos en Primavera \u00bfPrimavera? \u201cOnst\u00e1s\u201d que no te sentimos, pues precisamente creemos que ha sido uno de los d\u00edas m\u00e1s fr\u00edos y horribles, de esta Lima preciosa, alegre, criolla, \u00a0chismosa,\u00a0 donde algunos integrantes de la llamada \u00a0far\u00e1ndula por dinero son capaces de hacer escarnio de sus propias vidas y encantadora, pues su encanto debe tener como la mujer peruana, puesto que todos quieren&#8230;<\/p>\n","protected":false},"author":1,"featured_media":0,"comment_status":"open","ping_status":"open","sticky":false,"template":"","format":"standard","meta":{"footnotes":""},"categories":[346],"tags":[2912],"class_list":["post-7618","post","type-post","status-publish","format-standard","hentry","category-francamente","tag-la-primavera"],"_links":{"self":[{"href":"https:\/\/www.turistamagazine.com\/v2\/index.php?rest_route=\/wp\/v2\/posts\/7618","targetHints":{"allow":["GET"]}}],"collection":[{"href":"https:\/\/www.turistamagazine.com\/v2\/index.php?rest_route=\/wp\/v2\/posts"}],"about":[{"href":"https:\/\/www.turistamagazine.com\/v2\/index.php?rest_route=\/wp\/v2\/types\/post"}],"author":[{"embeddable":true,"href":"https:\/\/www.turistamagazine.com\/v2\/index.php?rest_route=\/wp\/v2\/users\/1"}],"replies":[{"embeddable":true,"href":"https:\/\/www.turistamagazine.com\/v2\/index.php?rest_route=%2Fwp%2Fv2%2Fcomments&post=7618"}],"version-history":[{"count":3,"href":"https:\/\/www.turistamagazine.com\/v2\/index.php?rest_route=\/wp\/v2\/posts\/7618\/revisions"}],"predecessor-version":[{"id":7621,"href":"https:\/\/www.turistamagazine.com\/v2\/index.php?rest_route=\/wp\/v2\/posts\/7618\/revisions\/7621"}],"wp:attachment":[{"href":"https:\/\/www.turistamagazine.com\/v2\/index.php?rest_route=%2Fwp%2Fv2%2Fmedia&parent=7618"}],"wp:term":[{"taxonomy":"category","embeddable":true,"href":"https:\/\/www.turistamagazine.com\/v2\/index.php?rest_route=%2Fwp%2Fv2%2Fcategories&post=7618"},{"taxonomy":"post_tag","embeddable":true,"href":"https:\/\/www.turistamagazine.com\/v2\/index.php?rest_route=%2Fwp%2Fv2%2Ftags&post=7618"}],"curies":[{"name":"wp","href":"https:\/\/api.w.org\/{rel}","templated":true}]}}