{"id":7547,"date":"2014-09-18T09:13:24","date_gmt":"2014-09-18T14:13:24","guid":{"rendered":"http:\/\/www.turistamagazine.com\/v2\/?p=7547"},"modified":"2014-09-18T09:18:27","modified_gmt":"2014-09-18T14:18:27","slug":"7547","status":"publish","type":"post","link":"https:\/\/www.turistamagazine.com\/v2\/?p=7547","title":{"rendered":"BANCO DE DATOS PERSONALES"},"content":{"rendered":"<p style=\"text-align: justify;\">Por Antero Flores-Araoz*<\/p>\n<p style=\"text-align: justify;\">Los sufridos ciudadanos constantemente exhortamos a los gobernantes a suprimir tanto tr\u00e1mite y requisitos innecesarios en la administraci\u00f3n p\u00fablica, sobre todo los que tienen que ver con las inversiones, que para que generen puestos de trabajo, deben\u00a0 ser sencillos e indispensables, prescindi\u00e9ndose de los que no lo son.<\/p>\n<p style=\"text-align: justify;\">Los parlamentarios le reclaman al Poder Ejecutivo presentar los proyectos de ley para desregular y destrabar las inversiones, olvidando que ellos tambi\u00e9n gozan de la prerrogativa constitucional de presentar proposiciones de ley.<\/p>\n<p style=\"text-align: justify;\"><span style=\"color: #000080;\"><strong><em>En el \u00e1nimo que no se dejen doblegar por el insomnio, buscando normas que bien podr\u00edan derogarse o sus disposiciones simplificarse, les sugerimos de inicio, dejar sin efecto el innecesario y llamado \u201cRegistro Nacional de Protecci\u00f3n de Datos Personales\u201d creado por la Ley N\u00ba 29733.<\/em><\/strong><\/span><\/p>\n<p style=\"text-align: justify;\">Muchos dir\u00e1n \u00bfy qu\u00e9 es eso? \u00bfde qu\u00e9 se trata? Bueno pues, lo explicaremos: <span style=\"color: #000080;\"><strong><em>La Constituci\u00f3n en el inciso 6 de su art\u00edculo segundo enuncia el derecho de toda persona a que los servicios inform\u00e1ticos, computarizados o no, p\u00fablicos o privados, no suministren informaciones que afecten la intimidad personal y familiar.<\/em><\/strong><\/span><\/p>\n<p style=\"text-align: justify;\">Para el desarrollo de tal precepto sustantivo, bastaba que por ley se determinara el procedimiento para impedir la difusi\u00f3n de la informaci\u00f3n personal y familiar \u00edntima y\/o sensible, as\u00ed como para en caso de difusi\u00f3n indebida, sancionar al infractor.<\/p>\n<p style=\"text-align: justify;\"><span style=\"color: #000080;\"><strong><em>Pero no se\u00f1or, se le ten\u00eda que complicar la existencia a los ciudadanos, a las instituciones y a las empresas con la daci\u00f3n de una extensa y larga ley, casi ininteligible y un reglamento peor, que lejos de normar lo indispensable se fue hasta la creaci\u00f3n del \u201cRegistro Nacional de Protecci\u00f3n de Datos Personales\u201d a cargo de\u00a0 la \u201cAutoridad Nacional de Protecci\u00f3n de Datos Personales\u201d del Sector Justicia.<\/em><\/strong><\/span><\/p>\n<p style=\"text-align: justify;\">En dicho Registro deben inscribirse los bancos de datos personales de administraci\u00f3n p\u00fablica o privada, aunque no su contenido, y en caso de omisi\u00f3n de la inscripci\u00f3n ello constituye transgresi\u00f3n a la norma y se sanciona con crecida multa.<\/p>\n<p style=\"text-align: justify;\">Es el caso que para la definici\u00f3n de banco de datos personales, se entiende al conjunto organizado de datos personales, automatizado o no, independientemente del soporte, sea este f\u00edsico, magn\u00e9tico, digital, \u00f3ptico, u otros que se creen cualquiera fuere la forma o modalidad de su creaci\u00f3n, formaci\u00f3n, almacenamiento, organizaci\u00f3n y acceso.<\/p>\n<p style=\"text-align: justify;\">En buena cuenta, un jard\u00edn de la infancia, colegio, instituto superior y universidad, que tengan una relaci\u00f3n del alumnado y sus calificaciones, ello constituye un banco de datos y deber\u00eda registrarse.<\/p>\n<p style=\"text-align: justify;\">Una empresa que tiene la relaci\u00f3n de sus proveedores con\u00a0 indicaci\u00f3n de bienes y\/o servicios que le son suministrados, pues tambi\u00e9n tiene \u00e9se banco de datos y debe registrarlo.\u00a0 Igual suceder\u00e1 con la relaci\u00f3n de clientes con\u00a0 sus direcciones, as\u00ed como la calificaci\u00f3n crediticia que internamente le se\u00f1ale la empresa.<\/p>\n<p style=\"text-align: justify;\"><span style=\"color: #000080;\"><strong><em>Francamente todo este asunto es un absurdo, una exageraci\u00f3n, m\u00e1s labores para los administrados, m\u00e1s competencias para los funcionarios p\u00fablicos, m\u00e1s molestias para todos, \u00bfY para qu\u00e9 todo ello? Para hacer sufrir al administrado, para sancionarlo y para que la administraci\u00f3n p\u00fablica siga acaparando informaci\u00f3n que no necesita, que no sabe d\u00f3nde guardar, y que probablemente alguna vez har\u00e1 una gran fogata con ella,\u00a0 elevando el calentamiento global.<\/em><\/strong><\/span><\/p>\n<p style=\"text-align: justify;\">*<strong>\u00a0<\/strong><strong>Reconocido jurista y\u00a0pol\u00edtico\u00a0peruano<\/strong><strong>\u00a0<\/strong><strong>Fundador del partido\u00a0<span style=\"text-decoration: underline;\">ORDEN<\/span><\/strong><\/p>\n<p style=\"text-align: justify;\">Ha sido Diputado, Constituyente y Congresista de la Rep\u00fablica del Per\u00fa, siempre de la mano del Partido Popular Cristiano. En el 2004, fue electo como Presidente del Congreso entre otros importantes cargos diplom\u00e1ticos.<\/p>\n<p style=\"text-align: justify;\">La Direcci\u00f3n no se solidariza necesariamente con la opini\u00f3n de sus colaboradores<\/p>\n","protected":false},"excerpt":{"rendered":"<p>Por Antero Flores-Araoz* Los sufridos ciudadanos constantemente exhortamos a los gobernantes a suprimir tanto tr\u00e1mite y requisitos innecesarios en la administraci\u00f3n p\u00fablica, sobre todo los que tienen que ver con las inversiones, que para que generen puestos de trabajo, deben\u00a0 ser sencillos e indispensables, prescindi\u00e9ndose de los que no lo son. Los parlamentarios le reclaman al Poder Ejecutivo presentar los proyectos de ley para desregular y destrabar las inversiones, olvidando que ellos tambi\u00e9n gozan de la prerrogativa constitucional de presentar proposiciones de ley. En el \u00e1nimo que no se dejen doblegar por el insomnio, buscando normas que bien podr\u00edan derogarse&#8230;<\/p>\n","protected":false},"author":1,"featured_media":0,"comment_status":"open","ping_status":"open","sticky":false,"template":"","format":"standard","meta":{"footnotes":""},"categories":[87],"tags":[1956,2881,2880,2879],"class_list":["post-7547","post","type-post","status-publish","format-standard","hentry","category-actualidad","tag-antero-flores-araoz","tag-calentamiento-global","tag-ley-no-29733","tag-proteccion-de-datos-personales"],"_links":{"self":[{"href":"https:\/\/www.turistamagazine.com\/v2\/index.php?rest_route=\/wp\/v2\/posts\/7547","targetHints":{"allow":["GET"]}}],"collection":[{"href":"https:\/\/www.turistamagazine.com\/v2\/index.php?rest_route=\/wp\/v2\/posts"}],"about":[{"href":"https:\/\/www.turistamagazine.com\/v2\/index.php?rest_route=\/wp\/v2\/types\/post"}],"author":[{"embeddable":true,"href":"https:\/\/www.turistamagazine.com\/v2\/index.php?rest_route=\/wp\/v2\/users\/1"}],"replies":[{"embeddable":true,"href":"https:\/\/www.turistamagazine.com\/v2\/index.php?rest_route=%2Fwp%2Fv2%2Fcomments&post=7547"}],"version-history":[{"count":5,"href":"https:\/\/www.turistamagazine.com\/v2\/index.php?rest_route=\/wp\/v2\/posts\/7547\/revisions"}],"predecessor-version":[{"id":7551,"href":"https:\/\/www.turistamagazine.com\/v2\/index.php?rest_route=\/wp\/v2\/posts\/7547\/revisions\/7551"}],"wp:attachment":[{"href":"https:\/\/www.turistamagazine.com\/v2\/index.php?rest_route=%2Fwp%2Fv2%2Fmedia&parent=7547"}],"wp:term":[{"taxonomy":"category","embeddable":true,"href":"https:\/\/www.turistamagazine.com\/v2\/index.php?rest_route=%2Fwp%2Fv2%2Fcategories&post=7547"},{"taxonomy":"post_tag","embeddable":true,"href":"https:\/\/www.turistamagazine.com\/v2\/index.php?rest_route=%2Fwp%2Fv2%2Ftags&post=7547"}],"curies":[{"name":"wp","href":"https:\/\/api.w.org\/{rel}","templated":true}]}}