{"id":7475,"date":"2014-09-15T09:11:18","date_gmt":"2014-09-15T14:11:18","guid":{"rendered":"http:\/\/www.turistamagazine.com\/v2\/?p=7475"},"modified":"2014-09-15T09:11:18","modified_gmt":"2014-09-15T14:11:18","slug":"francia-air-france-klm-operara-el-48-de-los-vuelos-programados-para-hoy","status":"publish","type":"post","link":"https:\/\/www.turistamagazine.com\/v2\/?p=7475","title":{"rendered":"FRANCIA: AIR FRANCE KLM OPERAR\u00c1 EL 48% DE LOS VUELOS PROGRAMADOS PARA HOY"},"content":{"rendered":"<p style=\"text-align: justify;\">Air France-KLM espera operar cerca del 48% de los vuelos programados este lunes en la primera jornada de huelga convocada por los pilotos hasta el pr\u00f3ximo 22 de septiembre. Est\u00e1 previsto que un 60% de los profesionales convocados por los dos principales sindicatos del gremio, SNPL y SPAF, secunden las movilizaciones organizadas para hoy, seg\u00fan ha anunciado la aerol\u00ednea a trav\u00e9s de su p\u00e1gina web.<\/p>\n<p style=\"text-align: justify;\">La empresa advierte que podr\u00edan producirse retrasos y cancelaciones adicionales en sus servicios previstos a lo largo del d\u00eda. Aconseja a los pasajeros que consulten el estado de su vuelo antes de acudir al aeropuerto, ya que actualizar\u00e1 la informaci\u00f3n 24 horas antes de la hora de despegue.<\/p>\n<p style=\"text-align: justify;\">Asimismo, recomienda posponer aquellas reservas coincidentes con las fechas de huelga hasta la pr\u00f3xima semana o cambiar el billete de forma gratuita. Los pasajeros cuyo vuelo haya sido cancelado recibir\u00e1n el reembolso \u00edntegro del billete.<\/p>\n<p style=\"text-align: justify;\">Con el objetivo de minimizar los efectos de los paros, Air France-KLM movilizar\u00e1 a 7.000 empleados para dar asistencia a los viajeros.<\/p>\n<p style=\"text-align: justify;\">El grupo franco-holand\u00e9s calcula que la huelga de una semana supondr\u00e1 unas p\u00e9rdidas diarias de entre 10 y 15 millones de euros al d\u00eda, seg\u00fan afirm\u00f3 el consejero delegado de la aerol\u00ednea, Fr\u00e9d\u00e9ric Gagey, en declaraciones a la emisora Radio Classique.<\/p>\n<p style=\"text-align: justify;\">Con estas acciones los pilotos pretenden mostrar su desacuerdo ante plan de reestructuraci\u00f3n anunciado por el grupo que se centrar\u00e1 en el desarrollo de su marca Transavia.<\/p>\n<p style=\"text-align: justify;\">F\/ Hosteltur<\/p>\n","protected":false},"excerpt":{"rendered":"<p>Air France-KLM espera operar cerca del 48% de los vuelos programados este lunes en la primera jornada de huelga convocada por los pilotos hasta el pr\u00f3ximo 22 de septiembre. Est\u00e1 previsto que un 60% de los profesionales convocados por los dos principales sindicatos del gremio, SNPL y SPAF, secunden las movilizaciones organizadas para hoy, seg\u00fan ha anunciado la aerol\u00ednea a trav\u00e9s de su p\u00e1gina web. La empresa advierte que podr\u00edan producirse retrasos y cancelaciones adicionales en sus servicios previstos a lo largo del d\u00eda. Aconseja a los pasajeros que consulten el estado de su vuelo antes de acudir al aeropuerto,&#8230;<\/p>\n","protected":false},"author":1,"featured_media":0,"comment_status":"open","ping_status":"open","sticky":false,"template":"","format":"standard","meta":{"footnotes":""},"categories":[4,84],"tags":[650,471,2844],"class_list":["post-7475","post","type-post","status-publish","format-standard","hentry","category-breaking-news","category-internacionales","tag-air-france-klm","tag-francia","tag-huelga-de-pilotos-franceses"],"_links":{"self":[{"href":"https:\/\/www.turistamagazine.com\/v2\/index.php?rest_route=\/wp\/v2\/posts\/7475","targetHints":{"allow":["GET"]}}],"collection":[{"href":"https:\/\/www.turistamagazine.com\/v2\/index.php?rest_route=\/wp\/v2\/posts"}],"about":[{"href":"https:\/\/www.turistamagazine.com\/v2\/index.php?rest_route=\/wp\/v2\/types\/post"}],"author":[{"embeddable":true,"href":"https:\/\/www.turistamagazine.com\/v2\/index.php?rest_route=\/wp\/v2\/users\/1"}],"replies":[{"embeddable":true,"href":"https:\/\/www.turistamagazine.com\/v2\/index.php?rest_route=%2Fwp%2Fv2%2Fcomments&post=7475"}],"version-history":[{"count":2,"href":"https:\/\/www.turistamagazine.com\/v2\/index.php?rest_route=\/wp\/v2\/posts\/7475\/revisions"}],"predecessor-version":[{"id":7478,"href":"https:\/\/www.turistamagazine.com\/v2\/index.php?rest_route=\/wp\/v2\/posts\/7475\/revisions\/7478"}],"wp:attachment":[{"href":"https:\/\/www.turistamagazine.com\/v2\/index.php?rest_route=%2Fwp%2Fv2%2Fmedia&parent=7475"}],"wp:term":[{"taxonomy":"category","embeddable":true,"href":"https:\/\/www.turistamagazine.com\/v2\/index.php?rest_route=%2Fwp%2Fv2%2Fcategories&post=7475"},{"taxonomy":"post_tag","embeddable":true,"href":"https:\/\/www.turistamagazine.com\/v2\/index.php?rest_route=%2Fwp%2Fv2%2Ftags&post=7475"}],"curies":[{"name":"wp","href":"https:\/\/api.w.org\/{rel}","templated":true}]}}