{"id":7292,"date":"2014-09-08T07:32:22","date_gmt":"2014-09-08T12:32:22","guid":{"rendered":"http:\/\/www.turistamagazine.com\/v2\/?p=7292"},"modified":"2014-09-08T07:32:22","modified_gmt":"2014-09-08T12:32:22","slug":"peru-cop20-garantizara-inversiones-y-desarrollo-economico-sostenibles","status":"publish","type":"post","link":"https:\/\/www.turistamagazine.com\/v2\/?p=7292","title":{"rendered":"PERU: COP20 GARANTIZAR\u00c1 INVERSIONES Y DESARROLLO ECON\u00d3MICO SOSTENIBLES"},"content":{"rendered":"<p style=\"text-align: justify;\">Lima, set. 08. El ministro del Ambiente, Manuel Pulgar-Vidal, se\u00f1al\u00f3 hoy que la reuni\u00f3n internacional sobre medioambiente \u201cVig\u00e9sima Conferencia de las Partes (COP20)\u201d que se realizar\u00e1 en diciembre en Lima, garantizar\u00e1 inversiones y desarrollo econ\u00f3mico sostenibles. \u201cLa COP20 tendr\u00e1 efectos m\u00faltiples en la econom\u00eda nacional. El Per\u00fa contin\u00faa siendo un centro de convenciones a escala internacional; adem\u00e1s, esperamos que se logren compromisos de inversi\u00f3n muy importantes tras la realizaci\u00f3n de la cumbre\u201d, subray\u00f3 en entrevista con el diario El Peruano.<\/p>\n<p style=\"text-align: justify;\">El encuentro internacional reunir\u00e1 a delegados de 195 pa\u00edses y se calcula que habr\u00e1 unos 12,000 visitantes y que se desarrollar\u00e1n m\u00e1s de 200 reuniones como parte de este foro internacional, y adem\u00e1s, en la sede del Jockey Club se efectuar\u00e1 la feria Voces por el Clima, abierta al p\u00fablico, explic\u00f3.\u00a0 Indic\u00f3 que la COP20, desde una perspectiva econ\u00f3mica, busca crear conciencia sobre la importancia de apostar por un crecimiento divorciado de las emisiones de carbono.<\/p>\n<p style=\"text-align: justify;\">\u201cTraer ese debate es hacernos conscientes de hacia d\u00f3nde est\u00e1 caminando el mundo y c\u00f3mo podemos orientar nuestras propias pol\u00edticas\u201d, agreg\u00f3. Adem\u00e1s,\u00a0 se\u00f1al\u00f3 que se espera la llegada de personalidades mundiales como el secretario general de las Naciones Unidas, Ban Ki-moon; la directora del Fondo Monetario Internacional, Christine Lagarde; el presidente del Banco Mundial, entre otros l\u00edderes. Tambi\u00e9n refiri\u00f3 que el acuerdo vinculante internacional en materia de medioambiente hace ver que todos los pa\u00edses se orienten hacia lo mismo y en consecuencia las econom\u00edas se fortalecen y las inversiones se hacen m\u00e1s sostenibles. La COP20 afianza la seguridad energ\u00e9tica mundial, porque la energ\u00eda depende \u201cfuertemente\u201d de la quema de combustibles f\u00f3siles, y en ese sentido \u201cla orientaci\u00f3n\u201d es a incrementar el uso de energ\u00eda renovable a bajo costo, afirm\u00f3. \u201cLo importante para un pa\u00eds es tener seguridad energ\u00e9tica de manera balanceada, que no dependa de un solo recurso\u201d, agreg\u00f3. (\u2026)<\/p>\n<p>F\/ Andina<\/p>\n","protected":false},"excerpt":{"rendered":"<p>Lima, set. 08. El ministro del Ambiente, Manuel Pulgar-Vidal, se\u00f1al\u00f3 hoy que la reuni\u00f3n internacional sobre medioambiente \u201cVig\u00e9sima Conferencia de las Partes (COP20)\u201d que se realizar\u00e1 en diciembre en Lima, garantizar\u00e1 inversiones y desarrollo econ\u00f3mico sostenibles. \u201cLa COP20 tendr\u00e1 efectos m\u00faltiples en la econom\u00eda nacional. El Per\u00fa contin\u00faa siendo un centro de convenciones a escala internacional; adem\u00e1s, esperamos que se logren compromisos de inversi\u00f3n muy importantes tras la realizaci\u00f3n de la cumbre\u201d, subray\u00f3 en entrevista con el diario El Peruano. El encuentro internacional reunir\u00e1 a delegados de 195 pa\u00edses y se calcula que habr\u00e1 unos 12,000 visitantes y que se&#8230;<\/p>\n","protected":false},"author":1,"featured_media":0,"comment_status":"open","ping_status":"open","sticky":false,"template":"","format":"standard","meta":{"footnotes":""},"categories":[4,82],"tags":[2271,660,2778,2780,321,2779,340],"class_list":["post-7292","post","type-post","status-publish","format-standard","hentry","category-breaking-news","category-nacionales","tag-ban-ki-moon","tag-cop20","tag-el-ministro-del-ambiente","tag-jockey-club","tag-lima","tag-manuel-pulgar-vidal","tag-peru"],"_links":{"self":[{"href":"https:\/\/www.turistamagazine.com\/v2\/index.php?rest_route=\/wp\/v2\/posts\/7292","targetHints":{"allow":["GET"]}}],"collection":[{"href":"https:\/\/www.turistamagazine.com\/v2\/index.php?rest_route=\/wp\/v2\/posts"}],"about":[{"href":"https:\/\/www.turistamagazine.com\/v2\/index.php?rest_route=\/wp\/v2\/types\/post"}],"author":[{"embeddable":true,"href":"https:\/\/www.turistamagazine.com\/v2\/index.php?rest_route=\/wp\/v2\/users\/1"}],"replies":[{"embeddable":true,"href":"https:\/\/www.turistamagazine.com\/v2\/index.php?rest_route=%2Fwp%2Fv2%2Fcomments&post=7292"}],"version-history":[{"count":2,"href":"https:\/\/www.turistamagazine.com\/v2\/index.php?rest_route=\/wp\/v2\/posts\/7292\/revisions"}],"predecessor-version":[{"id":7296,"href":"https:\/\/www.turistamagazine.com\/v2\/index.php?rest_route=\/wp\/v2\/posts\/7292\/revisions\/7296"}],"wp:attachment":[{"href":"https:\/\/www.turistamagazine.com\/v2\/index.php?rest_route=%2Fwp%2Fv2%2Fmedia&parent=7292"}],"wp:term":[{"taxonomy":"category","embeddable":true,"href":"https:\/\/www.turistamagazine.com\/v2\/index.php?rest_route=%2Fwp%2Fv2%2Fcategories&post=7292"},{"taxonomy":"post_tag","embeddable":true,"href":"https:\/\/www.turistamagazine.com\/v2\/index.php?rest_route=%2Fwp%2Fv2%2Ftags&post=7292"}],"curies":[{"name":"wp","href":"https:\/\/api.w.org\/{rel}","templated":true}]}}