{"id":7247,"date":"2014-09-07T15:58:30","date_gmt":"2014-09-07T20:58:30","guid":{"rendered":"http:\/\/www.turistamagazine.com\/v2\/?p=7247"},"modified":"2014-09-07T15:58:30","modified_gmt":"2014-09-07T20:58:30","slug":"el-placer-de-conversar-en-directo","status":"publish","type":"post","link":"https:\/\/www.turistamagazine.com\/v2\/?p=7247","title":{"rendered":"EL PLACER  DE CONVERSAR EN DIRECTO"},"content":{"rendered":"<p style=\"text-align: justify;\" align=\"center\"><span style=\"color: #000080;\"><strong><em>Uds. que me siguen tantos tiempo mis dilectos lectores lo que les agradezco de coraz\u00f3n, saben que no suelo copiar las\u00a0 cadenas o los env\u00edos por internet, pero este lo insertamos porque efectivamente es lo que pensamos y est\u00e1 pasando en el mundo y es muy probable \u00a0que a Ud. asimismo, le ha pasado este desagradable momento de quedarse con la palabra en la boca porque son\u00f3 el celular de su acompa\u00f1ante, estamos seguros que m\u00e1s de alguien que Ud. conoce est\u00e1 concordando con nosotros.<\/em><\/strong><\/span><\/p>\n<p style=\"text-align: center;\"><strong>NO HAY NADA COMO UNA AMENA CONVERSACI\u00d3N LIBRE DE INTERRUPCIONES, NI NADA QUE REFLEJE M\u00c1S EXACTAMENTE LO QUE EST\u00c1 PERDIENDO HOY LA HUMANIDAD.<\/strong><\/p>\n<p style=\"text-align: justify;\">Acabo de saber por v\u00eda del Internet que algunos restaurantes europeos retienen los tel\u00e9fonos celulares de sus clientes durante el tiempo de su estad\u00eda.\u00a0<strong><span style=\"color: #000080;\"><em> Seg\u00fan la nota, se trata de una corriente que busca recobrar el placer de comer, beber y charlar sin que los \u00abring tones\u00bb interrumpan, y sin que los comensales discurran entre las mesas, hablando a gritos.<\/em><\/span><\/strong><\/p>\n<p style=\"text-align: justify;\">La noticia me produjo envidia, pero de la buena.\u00a0 Ya casi casi no recuerdo lo que es una conversaci\u00f3n larga y sostenida, saboreando un buen caf\u00e9 sin que nuestro interlocutor(a) nos deje con la palabra en la boca, porque son\u00f3 su celular. En ocasiones es peor a\u00fan, generando un caos indescriptible de dos, tres o cuatro personas sentadas alrededor de una misma mesa pero sosteniendo varias conversaciones hacia el exterior, al mismo tiempo.<\/p>\n<p style=\"text-align: justify;\"><span style=\"color: #000080;\"><strong><em>Hoy en d\u00eda el celular se ha convertido en un verdadero intruso.<\/em> <\/strong><\/span>Antes, la gente sol\u00eda buscar un espacio donde charlar con comodidad, en voz baja y respetando los espacios de cada quien.\u00a0 Ahora todo el mundo grita a trav\u00e9s de su m\u00f3vil, desde el lugar mismo en el que se encuentra.\u00a0 Hasta los conductores manejan con una mano, mientras la otra, adem\u00e1s de sus ojos y su cerebro se concentran en activar teclados de manera irresponsable.<\/p>\n<p style=\"text-align: justify;\"><span style=\"color: #000080;\"><strong><em>No niego las virtudes de la comunicaci\u00f3n por celular.\u00a0 La velocidad de los mensajes, el don de la ubicuidad, la integraci\u00f3n, etc., son factores dignos de entenderse de manera positiva.\u00a0 Pero preocupa que mientras m\u00e1s nos comunicamos en la distancia, menos nos hablamos cuando estamos cerca. Me impresiona la dependencia que hemos llegado a adquirir respecto del tel\u00e9fono m\u00f3vil.<\/em><\/strong><\/span><\/p>\n<p style=\"text-align: justify;\">Si ya el celular, m\u00e1s que un instrumento, parece una extensi\u00f3n de nuestro cuerpo, a tal punto que casi nadie es capaz de resistir la sensaci\u00f3n de abandono y soledad que sentimos cuando pasan las horas y este no suena.\u00a0 <span style=\"color: #000080;\"><strong><em>Por eso quiz\u00e1s algunos nunca lo apagan, ni siquiera en misa, en el cine, en una conferencia o a\u00fan mientras duermen.\u00a0<\/em><\/strong><\/span> Es algo que por m\u00e1s que intento, no puedo entender.\u00a0 <span style=\"color: #000080;\"><strong><em>Incluso\u00a0 soy testigo de la inquietud colectiva que se desata cuando suena un \u00abring tone\u00bb popular y una pluralidad de personas, en acto reflejo, se lleva la mano al bolsillo o a la cartera, enajenados o autistas, buscando el aparato propio, para luego decirnos con cara de circunstancias : \u00abHummm&#8230; \u00bf de que est\u00e1bamos hablando ?\u00bb sin admitir que para entonces ya la conversaci\u00f3n se fue al traste.<\/em><\/strong><\/span><\/p>\n<p style=\"text-align: justify;\">Antes, al levantarnos por las ma\u00f1anas, nuestro primer instinto era asearnos y luego tomarnos un buen caf\u00e9.\u00a0 Ahora, el primer acto cotidiano de muchas personas es tomar el aparato de marras y responder al instante todos sus mensajes. Es la tiran\u00eda de lo instant\u00e1neo, de lo simult\u00e1neo, de lo disperso, de la sobredosis de informaci\u00f3n y de la conexi\u00f3n con un mundo virtual que terminar\u00e1 acabando con el otrora delicioso placer de conversar frente a frente.<\/p>\n<p style=\"text-align: justify;\">Ojal\u00e1 pudi\u00e9ramos tomar conciencia de este grave peligro, cada vez m\u00e1s presente en nuestras vidas.<\/p>\n<p><em><strong><span style=\"color: #000080;\">Finalmente agregamos la frase que siempre repite Ismael Cala excelente entrevistador de CNN en espa\u00f1ol \u00abEl Secreto del buen hablar es saber escuchar\u00bb \u00bf Que cierto No?<\/span><\/strong><\/em><\/p>\n<p>F\/ Internet<\/p>\n","protected":false},"excerpt":{"rendered":"<p>Uds. que me siguen tantos tiempo mis dilectos lectores lo que les agradezco de coraz\u00f3n, saben que no suelo copiar las\u00a0 cadenas o los env\u00edos por internet, pero este lo insertamos porque efectivamente es lo que pensamos y est\u00e1 pasando en el mundo y es muy probable \u00a0que a Ud. asimismo, le ha pasado este desagradable momento de quedarse con la palabra en la boca porque son\u00f3 el celular de su acompa\u00f1ante, estamos seguros que m\u00e1s de alguien que Ud. conoce est\u00e1 concordando con nosotros. NO HAY NADA COMO UNA AMENA CONVERSACI\u00d3N LIBRE DE INTERRUPCIONES, NI NADA QUE REFLEJE M\u00c1S&#8230;<\/p>\n","protected":false},"author":1,"featured_media":0,"comment_status":"open","ping_status":"open","sticky":false,"template":"","format":"standard","meta":{"footnotes":""},"categories":[345],"tags":[2762],"class_list":["post-7247","post","type-post","status-publish","format-standard","hentry","category-editorial","tag-la-comunicacion-sin-comunicacion"],"_links":{"self":[{"href":"https:\/\/www.turistamagazine.com\/v2\/index.php?rest_route=\/wp\/v2\/posts\/7247","targetHints":{"allow":["GET"]}}],"collection":[{"href":"https:\/\/www.turistamagazine.com\/v2\/index.php?rest_route=\/wp\/v2\/posts"}],"about":[{"href":"https:\/\/www.turistamagazine.com\/v2\/index.php?rest_route=\/wp\/v2\/types\/post"}],"author":[{"embeddable":true,"href":"https:\/\/www.turistamagazine.com\/v2\/index.php?rest_route=\/wp\/v2\/users\/1"}],"replies":[{"embeddable":true,"href":"https:\/\/www.turistamagazine.com\/v2\/index.php?rest_route=%2Fwp%2Fv2%2Fcomments&post=7247"}],"version-history":[{"count":2,"href":"https:\/\/www.turistamagazine.com\/v2\/index.php?rest_route=\/wp\/v2\/posts\/7247\/revisions"}],"predecessor-version":[{"id":7249,"href":"https:\/\/www.turistamagazine.com\/v2\/index.php?rest_route=\/wp\/v2\/posts\/7247\/revisions\/7249"}],"wp:attachment":[{"href":"https:\/\/www.turistamagazine.com\/v2\/index.php?rest_route=%2Fwp%2Fv2%2Fmedia&parent=7247"}],"wp:term":[{"taxonomy":"category","embeddable":true,"href":"https:\/\/www.turistamagazine.com\/v2\/index.php?rest_route=%2Fwp%2Fv2%2Fcategories&post=7247"},{"taxonomy":"post_tag","embeddable":true,"href":"https:\/\/www.turistamagazine.com\/v2\/index.php?rest_route=%2Fwp%2Fv2%2Ftags&post=7247"}],"curies":[{"name":"wp","href":"https:\/\/api.w.org\/{rel}","templated":true}]}}