{"id":7240,"date":"2014-09-07T11:39:32","date_gmt":"2014-09-07T16:39:32","guid":{"rendered":"http:\/\/www.turistamagazine.com\/v2\/?p=7240"},"modified":"2014-09-07T11:39:32","modified_gmt":"2014-09-07T16:39:32","slug":"cesar-andrade-gerente-de-ventas-y-marketing-para-america-latina-de-lan","status":"publish","type":"post","link":"https:\/\/www.turistamagazine.com\/v2\/?p=7240","title":{"rendered":"C\u00c9SAR ANDRADE GERENTE DE VENTAS Y MARKETING PARA AM\u00c9RICA LATINA  DE LAN"},"content":{"rendered":"<p style=\"text-align: justify;\"><strong><span style=\"color: #000080;\">Nuestro gentil \u00a0invitado es el Sr. C\u00e9sar Andrade Gerente de Ventas y Marketing para Am\u00e9rica Latina \u00a0de LAN,\u00a0\u00a0 con quien tuvimos el gusto de conversar en ocasi\u00f3n \u00a0de iniciar los vuelos que unir\u00e1n la ciudad de Lima y Asunci\u00f3n- Paraguay. Reuni\u00f3n a la que asistieron asimismo el \u00a0Encargado de Negocios de la Embajada del Paraguay en Per\u00fa, Ministro Julio Duarte Van Humbeck, y el gerente de Ventas de LAN Per\u00fa, Walter Smith,<\/span><\/strong><\/p>\n<p style=\"text-align: justify;\"><strong><span style=\"color: #000080;\"><em>TMG.- \u00bfDe \u00a0qu\u00e9 manera se van a promocionar los vuelos a Paraguay?<\/em><\/span><\/strong><\/p>\n<p style=\"text-align: justify;\"><strong>CA.-<\/strong> Bueno empezamos con una promoci\u00f3n de precios muy buena, y los pr\u00f3ximos meses tendremos los Fams Trips, \u00a0y los Fams Press, llevando gente relacionada a la industria de ventas de los viajes como \u00a0agentes de viajes, tours operadores, periodistas \u00a0etc. \u00a0 la misma pol\u00edtica se har\u00e1 a la inversa desde Paraguay hacia el Per\u00fa, adicionalmente estamos integrando el rubro comercial, queremos que haya un intercambio comercial entre ambos pa\u00edses ya que estamos convencidos que finalmente eso es lo que le da sostenibilidad a una ruta, para eso estamos trabajando con los ministerios de comercio exterior \u00a0y canciller\u00eda, para que de esa manera se incentive no s\u00f3lo el segmento de los pasajeros corporativo, sino que se potencialice el intercambio comercial.<\/p>\n<p style=\"text-align: justify;\"><span style=\"color: #000080;\"><strong><em>TMD.- \u00a0Estamos completamente de acuerdo que todo lo que ampl\u00ede la \u00a0conectividad entre los pa\u00edses es un gran avance, pero digamos que con este acuerdo \u00bfA qui\u00e9n beneficiar\u00eda m\u00e1s \u00a0dado que el flujo inicial de pasajeros es muy reducido?<\/em><\/strong><\/span><\/p>\n<p style=\"text-align: justify;\"><strong>CA.-<\/strong> Creemos que el ben\u00e9fico es para ambos pa\u00edses, no queda la menor duda que para Paraguay es enorme, pero depende\u00a0 de \u00a0lo que nosotros los peruanos hagamos para incentivar que muchos paraguayos vengan hacia nuestro pa\u00eds, es un potencial enorme y\u00a0 de all\u00ed el trabajo conjunto que estamos haciendo con el ministerio turismo \u00a0de Paraguay para promover el pa\u00eds guaran\u00ed, para que sea un \u00a0destino de los peruanos, de igual forma se abre una enorme puerta de intercambio comercial para el Per\u00fa, porque exportar 10 millones a un pa\u00eds, es como exportar \u00ab0\u00bb por lo tanto es una gran oportunidad para nuestro exportadores, y efectivamente para los paraguayos se abre una \u00a0conectividad muy importante y necesaria \u00a0que antes no ten\u00edan.<\/p>\n<p style=\"text-align: justify;\"><strong><span style=\"color: #000080;\"><em>TMD \u00bfEn cu\u00e1nto estimas la proyecci\u00f3n del aumento de turistas hacia Paraguay \u00a0y en cu\u00e1nto tiempo? <\/em><\/span><\/strong><\/p>\n<p style=\"text-align: justify;\"><strong>CA.-<\/strong> Con esta nueva iniciativa el Per\u00fa recibir\u00e1 a m\u00e1s turistas paraguayos, quienes podr\u00e1n disfrutar\u00a0 de los diversos atractivos tur\u00edsticos que ofrece nuestro pa\u00eds.\u00a0Pensamos que debemos ser capaces de multiplicar por 5 el flujo de turistas en cinco meses\u2026 Suena un poco loco, pero no existiendo una oferta tur\u00edstica hacia Paraguay estamos creando un destino nuevo, entonces multiplicar por 5 es completamente razonable, sobre todo con la oferta de introducci\u00f3n que \u00a0tenemos un <strong><em><span style=\"color: #000080;\">Lima-Asunci\u00f3n-Lima por $299.00 (d\u00f3lares) incluido impuestos, imperdible\u2026<\/span><\/em><\/strong><\/p>\n<p style=\"text-align: justify;\"><span style=\"color: #000080;\"><strong><em>Se est\u00e1 creando la necesidad al usuario de conocer Paraguay y como lo ha explicado el \u00a0Ministro Julio Duarte Van Humbeck \u00a0es un pa\u00eds\u00a0 que tiene tanto que ofrecer, que la mayor\u00eda \u00a0de americanos <strong><em>creo que<\/em><\/strong>\u00a0desconocen.<\/em><\/strong><\/span><\/p>\n<p style=\"text-align: justify;\"><span style=\"color: #000080;\"><strong><em>TMD.- No conocemos Paraguay, pero tenemos buenos amigos all\u00ed, incluso se est\u00e1 tratando de formar la Asociaci\u00f3n de la Prensa Tur\u00edstica de Paraguay.<\/em><\/strong><\/span><\/p>\n<p style=\"text-align: justify;\"><strong>CA.<\/strong>&#8211; Yo tampoco conozco, pero muy pronto espero conocerlo<\/p>\n<p style=\"text-align: justify;\"><strong><span style=\"color: #000080;\"><em>TMG.- Finalmente, \u00a0dos capitales m\u00e1s \u00a0all\u00e1 del tr\u00e1fico de pasajeros que se espera de este \u00a0Comunicado Conjunto firmado el 22 de mayo\u00a0?<\/em><\/span><\/strong><\/p>\n<p style=\"text-align: justify;\"><strong>\u00a0CA.-\u00a0<\/strong>\u00a0 Para nosotros fue muy importante, ya que concluy\u00f3 una parte \u00a0de un trabajo de muchos mese, y \u00a0lo que se pensamos es que tenemos 9 vuelos al d\u00eda a \u00a0Santiago, \u00a0\u00a02 a Bolivia, 3 a Buenos Aires, 3 a Bogot\u00e1, no puede ser que nos quedemos \u00a0con 3 vuelos a la semana hacia Paraguay la idea es esa, poco a poco ir incrementado las conexiones \u00a0y lo que hoy estamos pensando \u00a0 \u00a0multiplicar por 5 el flujo de turistas, creemos que no es nada en comparaci\u00f3n de lo se puede hacer, pues quien multiplica por cinco lo puede hacer por 10 o por 20.<\/p>\n<p style=\"text-align: justify;\"><span style=\"color: #000080;\"><strong><em>Bueno, eso depende del plan de marketing y las estrategias de ventas que Uds. vayan a aplicar.<\/em><\/strong><\/span><\/p>\n<p style=\"text-align: justify;\"><strong>CA.-<\/strong> Asimismo, \u00a0eso tambi\u00e9n depende de c\u00f3mo ambos pa\u00edses desde el punto de vista institucional generen las condiciones para seguir, y como ha dicho \u00a0Walter, \u00a0en estos meses de trabajo hemos visto que la voluntad de ambos gobiernos es enorme, as\u00ed que estamos s\u00faper confiados que de \u00a0aqu\u00ed \u00a0en adelante s\u00f3lo tenemos \u00a0espacio para crecer y crecer. \u00a0Adem\u00e1s la conexi\u00f3n entre Per\u00fa y Paraguay mejorar\u00e1 las opciones de enlace en Sudam\u00e9rica y a otros destinos de Estados Unidos y El Caribe.<\/p>\n<p><strong>EV.Foto: Turistamagazine.<\/strong><\/p>\n<p>&nbsp;<\/p>\n","protected":false},"excerpt":{"rendered":"<p>Nuestro gentil \u00a0invitado es el Sr. C\u00e9sar Andrade Gerente de Ventas y Marketing para Am\u00e9rica Latina \u00a0de LAN,\u00a0\u00a0 con quien tuvimos el gusto de conversar en ocasi\u00f3n \u00a0de iniciar los vuelos que unir\u00e1n la ciudad de Lima y Asunci\u00f3n- Paraguay. Reuni\u00f3n a la que asistieron asimismo el \u00a0Encargado de Negocios de la Embajada del Paraguay en Per\u00fa, Ministro Julio Duarte Van Humbeck, y el gerente de Ventas de LAN Per\u00fa, Walter Smith, TMG.- \u00bfDe \u00a0qu\u00e9 manera se van a promocionar los vuelos a Paraguay? CA.- Bueno empezamos con una promoci\u00f3n de precios muy buena, y los pr\u00f3ximos meses tendremos los&#8230;<\/p>\n","protected":false},"author":1,"featured_media":0,"comment_status":"open","ping_status":"open","sticky":false,"template":"","format":"standard","meta":{"footnotes":""},"categories":[94],"tags":[523,2758,164,2050,2759],"class_list":["post-7240","post","type-post","status-publish","format-standard","hentry","category-entrevistas","tag-cesar-andrade","tag-gerente-de-ventas-y-marketing","tag-lan","tag-paraguay","tag-vuelos-lima-asuncion-lima"],"_links":{"self":[{"href":"https:\/\/www.turistamagazine.com\/v2\/index.php?rest_route=\/wp\/v2\/posts\/7240","targetHints":{"allow":["GET"]}}],"collection":[{"href":"https:\/\/www.turistamagazine.com\/v2\/index.php?rest_route=\/wp\/v2\/posts"}],"about":[{"href":"https:\/\/www.turistamagazine.com\/v2\/index.php?rest_route=\/wp\/v2\/types\/post"}],"author":[{"embeddable":true,"href":"https:\/\/www.turistamagazine.com\/v2\/index.php?rest_route=\/wp\/v2\/users\/1"}],"replies":[{"embeddable":true,"href":"https:\/\/www.turistamagazine.com\/v2\/index.php?rest_route=%2Fwp%2Fv2%2Fcomments&post=7240"}],"version-history":[{"count":2,"href":"https:\/\/www.turistamagazine.com\/v2\/index.php?rest_route=\/wp\/v2\/posts\/7240\/revisions"}],"predecessor-version":[{"id":7243,"href":"https:\/\/www.turistamagazine.com\/v2\/index.php?rest_route=\/wp\/v2\/posts\/7240\/revisions\/7243"}],"wp:attachment":[{"href":"https:\/\/www.turistamagazine.com\/v2\/index.php?rest_route=%2Fwp%2Fv2%2Fmedia&parent=7240"}],"wp:term":[{"taxonomy":"category","embeddable":true,"href":"https:\/\/www.turistamagazine.com\/v2\/index.php?rest_route=%2Fwp%2Fv2%2Fcategories&post=7240"},{"taxonomy":"post_tag","embeddable":true,"href":"https:\/\/www.turistamagazine.com\/v2\/index.php?rest_route=%2Fwp%2Fv2%2Ftags&post=7240"}],"curies":[{"name":"wp","href":"https:\/\/api.w.org\/{rel}","templated":true}]}}