{"id":7199,"date":"2014-09-05T10:44:58","date_gmt":"2014-09-05T15:44:58","guid":{"rendered":"http:\/\/www.turistamagazine.com\/v2\/?p=7199"},"modified":"2014-09-05T10:44:58","modified_gmt":"2014-09-05T15:44:58","slug":"la-muerte-cerebral-o-coma","status":"publish","type":"post","link":"https:\/\/www.turistamagazine.com\/v2\/?p=7199","title":{"rendered":"LA MUERTE CEREBRAL  O COMA"},"content":{"rendered":"<p style=\"text-align: justify;\"><span style=\"color: #000080;\"><strong>FRAN-CA-MENTE.-<\/strong><\/span> \u00a0Tal vez este comentario no se adecue al estilo de nuestros Fran- ca-mente, m\u00e1s es una manera de rendirle tributo y decirle \u00a0Adi\u00f3s a Gustavo Cerati.<\/p>\n<p style=\"text-align: justify;\">Siempre hemos pensado que los personajes, que son famosos o de gran influencia en el mundo, ya sea pol\u00edtica, espiritual o art\u00edstica, deber\u00edan contemplar un clausula en su testamento, que autorice a los m\u00e9dicos\u00a0 que en el momento que todo los estudios \u00a0y\/o pruebas m\u00e9dicas, \u00a0que si \u00a0les ocurriera un accidente cerebro vascular \u00a0(ACV) que les origine \u00a0una muerte cerebral,\u00a0 especificar cu\u00e1nto tiempo desean estar conectados a instrumentos m\u00e9dicos que los mantengan con vida artificial.<\/p>\n<p style=\"text-align: justify;\"><span style=\"color: #000080;\"><strong><em>Pues de lo contrario depender\u00e1n \u00a0todo el tiempo que se mantengan en ese estado, de la voluntad y amor \u00a0de otros\u2026<\/em><\/strong><\/span><\/p>\n<p style=\"text-align: justify;\">Algunos personajes permanecen a\u00f1os en ese estado en el cual nadie podr\u00eda afirmar si est\u00e1n conscientes o no de lo que los rodea.<\/p>\n<p style=\"text-align: justify;\">Un caso que nos impresion\u00f3 mucho fue el del ex primer ministro de Israel Ariel Sharon, que muri\u00f3, en meses pasados, quien desde 2006 permanec\u00eda en esa condici\u00f3n debido a un derrame cerebral \u00a0tras recibir medicamentos, que no le estaban indicados, para tratar un infarto.<\/p>\n<p style=\"text-align: justify;\">El pr\u00edncipe Friso, \u00a0que muri\u00f3 a los \u00a044 a\u00f1os, se encontraba en coma profundo desde que el 17 de febrero de 2012 sufriera un accidente de esqu\u00ed en la estaci\u00f3n de Lech (Austria), tras permanecer 18 meses en coma.<\/p>\n<p style=\"text-align: justify;\">Michael Schumacher, que al d\u00eda de hoy, lo mantienen aislado del mundo en una cl\u00ednica en Lausanne, Suiza.<\/p>\n<p style=\"text-align: justify;\">Estos \u00a0son s\u00f3lo casos emblem\u00e1tico, \u00a0pero cuanto\u00a0\u00a0\u00a0 dolor existe en el mundo por estos cuadros\u2026<\/p>\n<p style=\"text-align: justify;\">\u00a0<span style=\"color: #000080;\"><strong><em>Realmente es una decisi\u00f3n muy dif\u00edcil que no le deseamos a nadie, pero pensamos que si en vida se les respet\u00f3 tanto \u00bfSe tendr\u00e1 derecho a disponer sobre el cuerpo y la vida de una persona l\u00edder en el mundo \u00a0y en su campo, les gustar\u00eda ellos que su cuerpo se deteriore, y pase por situaciones nada agradables por decir lo menos?&#8230; En nuestro cado que somos simples mortales, no, nos gustar\u00eda\u2026Por los dem\u00e1s es una decisi\u00f3n \u00e9tica, espiritual tan personal, que s\u00f3lo pertenece a sus familiares m\u00e1s \u00edntimos\u2026\u00a0 Que descanse en paz ese \u00eddolo del Rock, cantautor argentino Gustavo Cerati\u2026 \u00a0<\/em>FRAN-CAMEN-TE<\/strong><\/span><\/p>\n","protected":false},"excerpt":{"rendered":"<p>FRAN-CA-MENTE.- \u00a0Tal vez este comentario no se adecue al estilo de nuestros Fran- ca-mente, m\u00e1s es una manera de rendirle tributo y decirle \u00a0Adi\u00f3s a Gustavo Cerati. Siempre hemos pensado que los personajes, que son famosos o de gran influencia en el mundo, ya sea pol\u00edtica, espiritual o art\u00edstica, deber\u00edan contemplar un clausula en su testamento, que autorice a los m\u00e9dicos\u00a0 que en el momento que todo los estudios \u00a0y\/o pruebas m\u00e9dicas, \u00a0que si \u00a0les ocurriera un accidente cerebro vascular \u00a0(ACV) que les origine \u00a0una muerte cerebral,\u00a0 especificar cu\u00e1nto tiempo desean estar conectados a instrumentos m\u00e9dicos que los mantengan con&#8230;<\/p>\n","protected":false},"author":1,"featured_media":0,"comment_status":"open","ping_status":"open","sticky":false,"template":"","format":"standard","meta":{"footnotes":""},"categories":[346],"tags":[2747,2746],"class_list":["post-7199","post","type-post","status-publish","format-standard","hentry","category-francamente","tag-accidente-cerebro-vascular-acv","tag-adios-a-gustavo-cerati"],"_links":{"self":[{"href":"https:\/\/www.turistamagazine.com\/v2\/index.php?rest_route=\/wp\/v2\/posts\/7199","targetHints":{"allow":["GET"]}}],"collection":[{"href":"https:\/\/www.turistamagazine.com\/v2\/index.php?rest_route=\/wp\/v2\/posts"}],"about":[{"href":"https:\/\/www.turistamagazine.com\/v2\/index.php?rest_route=\/wp\/v2\/types\/post"}],"author":[{"embeddable":true,"href":"https:\/\/www.turistamagazine.com\/v2\/index.php?rest_route=\/wp\/v2\/users\/1"}],"replies":[{"embeddable":true,"href":"https:\/\/www.turistamagazine.com\/v2\/index.php?rest_route=%2Fwp%2Fv2%2Fcomments&post=7199"}],"version-history":[{"count":2,"href":"https:\/\/www.turistamagazine.com\/v2\/index.php?rest_route=\/wp\/v2\/posts\/7199\/revisions"}],"predecessor-version":[{"id":7201,"href":"https:\/\/www.turistamagazine.com\/v2\/index.php?rest_route=\/wp\/v2\/posts\/7199\/revisions\/7201"}],"wp:attachment":[{"href":"https:\/\/www.turistamagazine.com\/v2\/index.php?rest_route=%2Fwp%2Fv2%2Fmedia&parent=7199"}],"wp:term":[{"taxonomy":"category","embeddable":true,"href":"https:\/\/www.turistamagazine.com\/v2\/index.php?rest_route=%2Fwp%2Fv2%2Fcategories&post=7199"},{"taxonomy":"post_tag","embeddable":true,"href":"https:\/\/www.turistamagazine.com\/v2\/index.php?rest_route=%2Fwp%2Fv2%2Ftags&post=7199"}],"curies":[{"name":"wp","href":"https:\/\/api.w.org\/{rel}","templated":true}]}}