{"id":70886,"date":"2026-09-05T12:12:37","date_gmt":"2026-09-05T17:12:37","guid":{"rendered":"https:\/\/www.turistamagazine.com\/v2\/?p=70886"},"modified":"2026-09-05T13:14:32","modified_gmt":"2026-09-05T18:14:32","slug":"17-anos-de-turistamagazine-menos-burocracia-de-vitrina-y-mas-accion-frente-a-la-crisis-del-sector","status":"publish","type":"post","link":"https:\/\/www.turistamagazine.com\/v2\/?p=70886","title":{"rendered":"17 a\u00f1os de Turistamagazine: Menos burocracia de vitrina y m\u00e1s acci\u00f3n frente a la crisis del sector"},"content":{"rendered":"<p style=\"text-align: justify;\"><span style=\"color: #000080;\"><em><strong><a href=\"https:\/\/www.turistamagazine.com\/v2\/wp-content\/uploads\/2026\/08\/Elenita-2.jpg\"><img decoding=\"async\" class=\"size-full wp-image-70569 alignleft\" src=\"https:\/\/www.turistamagazine.com\/v2\/wp-content\/uploads\/2026\/08\/Elenita-2.jpg\" alt=\"\" width=\"150\" height=\"163\" \/><\/a>Iniciamos este mes de septiembre con el coraz\u00f3n desbordante de gratitud, orgullo y madurez period\u00edstica. Turistamagazine Online celebra oficialmente 17 a\u00f1os de permanencia ininterrumpida en la nube digital. Lo que comenz\u00f3 como un sue\u00f1o de comunicaci\u00f3n aut\u00e9ntica y un espacio para inspirar a las nuevas generaciones, hoy se consolida en un nivel superior: ser el referente definitivo del periodismo tur\u00edstico para toda Am\u00e9rica. Ya que nuestro lema siempre ha sido <span style=\"color: #800080;\">\u00abServimos al Turismo, No nos servimos de \u00e9l\u00bb<\/span><\/strong><\/em><\/span><\/p>\n<p style=\"text-align: justify;\"><span style=\"color: #000080;\"><em><strong>Y no hay mejor manera de celebrar este aniversario que agradeciendo a nu<\/strong><\/em><\/span><\/p>\n<p style=\"text-align: justify;\"><span style=\"color: #000080;\"><em><strong>estra maravillosa comunidad. El pasado mes de agosto rompimos un r\u00e9cord hist\u00f3rico al superar las 12,000 visitas mensuales, impulsando nuestro contador global por encima de las 145,000 lecturas hist\u00f3ricas.<\/strong><\/em><\/span><\/p>\n<p style=\"text-align: justify;\"><span style=\"color: #800080;\"><em><strong>Entre la realidad y el aislamiento de \u00abNeverland\u00bb<\/strong><\/em><\/span><\/p>\n<p style=\"text-align: justify;\"><span style=\"color: #000080;\"><em><strong>No obstante, nuestro estilo siempre positivo y enfocado en el desarrollo, no podemos ser ajenos a la cruda realidad que nos rodea, puesto que no vivimos en un aislado mundo de \u00abNeverland\u00bb. Las noticias negativas e impactantes saturan los medios masivos mundiales, lo que evidentemente no le hace ning\u00fan bien a nuestro turismo, nosotros miramos el panorama con una honda preocupaci\u00f3n y los pies bien puestos sobre la tierra.<\/strong><\/em><\/span><\/p>\n<p style=\"text-align: justify;\"><span style=\"color: #000080;\"><em><strong>Estamos profundamente alertas por lo que ocurre en nuestro entorno. El Per\u00fa hoy se encuentra bajo la sombra inminente de un sismo de magnitud 8.8 advertido rigurosamente por la ciencia, mientras ya sufrimos los primeros embates de un fen\u00f3meno de <span style=\"color: #800080;\">\u201cEl Ni\u00f1o\u201d<\/span> cuyas consecuencias amenazan con ser fatales para la infraestructura de nuestras regiones. A esto se suma el flagelo de una violencia urbana desmedida que azota al pa\u00eds. <span style=\"color: #800080;\">No es una alarma te\u00f3rica: la realidad golpea directamente al sector con cancelaciones de reservas que ya est\u00e1n afectando a toda la cadena tur\u00edstica.<\/span><\/strong><\/em><\/span><\/p>\n<p style=\"text-align: justify;\"><span style=\"color: #800080;\"><em><strong>El escepticismo frente a las soluciones de vitrina<\/strong><\/em><\/span><\/p>\n<p style=\"text-align: justify;\"><span style=\"color: #000080;\"><em><strong>Frente a este escenario, no caemos en el juego de las soluciones de vitrina. Mientras la realidad exige urgencia, vemos con escepticismo esas convocatorias oficiales que, bajo el membrete de <span style=\"color: #800080;\">\u00abMesas de trabajo\u00bb \u201cComisiones de Gobernanza\u201d \u201cComit\u00e9s Consultivos Regionales de Turismo\u201d<\/span> que tienen el mismo fin s\u00f3lo diferente nombre, con lo cual hasta se puede pensar \u00a0que existe duplicidad de funciones\u2026 terminan siendo reuniones masivas de cincuenta o m\u00e1s personas citadas solo para la foto. La historia nos ha ense\u00f1ado que esas din\u00e1micas rara vez funcionan; se convierten en debates est\u00e9riles donde abundan los discursos y cada sector intenta llevar agua para su propio molino, dejando de lado las soluciones reales que los operadores necesitan con urgencia. <span style=\"color: #800080;\">Hacer periodismo especializado nos obliga a se\u00f1alarlo: el turismo necesita menos burocracia y m\u00e1s acci\u00f3nes concretas.<\/span><\/strong><\/em><\/span><\/p>\n<p style=\"text-align: justify;\"><span style=\"color: #000080;\"><em><strong>En una era marcada por la gratificaci\u00f3n inmediata, el contenido pasajero y la b\u00fasqueda del <span style=\"color: #800080;\">\u00abme gusta\u00bb<\/span> f\u00e1cil, nuestros lectores nos demuestran que el p\u00fablico t\u00e9cnico, las agencias de viajes, las embajadas, las universidades y los amantes del verdadero turismo siguen buscando rigor, paciencia y disciplina en cada letra que publicamos.<\/strong><\/em><\/span><\/p>\n<p style=\"text-align: justify;\"><span style=\"color: #000080;\"><em><strong>Este \u00e9xito no es nuestro; es de cada uno de ustedes en los 80 pa\u00edses que nos acompa\u00f1an, nos leen y reenv\u00edan nuestro semanario. Gracias por validar nuestra m\u00edstica, por acompa\u00f1arnos en esta evoluci\u00f3n internacional y por demostrar que el periodismo hecho con el coraz\u00f3n, con profesionalismo y con valent\u00eda jam\u00e1s pasa de moda. \u00a1Vamos si Dios quiere y las <span style=\"color: #800080;\">\u201cSorpresas que de la Vida\u201d<\/span> nos acompa\u00f1en por muchos a\u00f1os m\u00e1s de viajes, cultura, conectividad y profunda responsabilidad social!<\/strong><\/em><\/span><\/p>\n<p style=\"text-align: right;\"><span style=\"color: #000080;\"><em><strong>Elena Tejera<\/strong><\/em><\/span><br \/>\n<span style=\"color: #000080;\"><em><strong>Directora<\/strong><\/em><\/span><br \/>\n<span style=\"color: #000080;\"><em><strong>M\u00e1ster en Turismo y Comunicaci\u00f3n<\/strong><\/em><\/span><\/p>\n<p><a href=\"https:\/\/www.turistamagazine.com\/v2\/wp-content\/uploads\/2026\/07\/LogoNuevo.png\"><img decoding=\"async\" class=\"size-full wp-image-70423 aligncenter\" src=\"https:\/\/www.turistamagazine.com\/v2\/wp-content\/uploads\/2026\/07\/LogoNuevo.png\" alt=\"\" width=\"550\" height=\"365\" srcset=\"https:\/\/www.turistamagazine.com\/v2\/wp-content\/uploads\/2026\/07\/LogoNuevo.png 550w, https:\/\/www.turistamagazine.com\/v2\/wp-content\/uploads\/2026\/07\/LogoNuevo-300x199.png 300w\" sizes=\"(max-width: 550px) 100vw, 550px\" \/><\/a><\/p>\n<p><span style=\"color: #000080;\"><strong><em>Lectores Internacionales::<\/em><\/strong> <strong><em>Si nos lees desde el extranjero y valoras nuestra trayectoria, puedes respaldar nuestro trabajo con un aporte simb\u00f3lico haciendo clic aqu\u00ed: Apoyar v\u00eda Pay Pal:<\/em><\/strong> <\/span><a href=\"http:\/\/paypal.me\/Turistamagazine\"><strong><em>paypal.me\/Turistamagazine\u00a0\u00a0<\/em><\/strong><\/a><\/p>\n<p><span style=\"color: #666699;\"><strong><em>Si nos lees desde tu propio celular:<\/em><\/strong><em> <strong>\u00a1Es s\u00faper f\u00e1cil! Puedes yapear o plinear directamente ingresando nuestro n\u00famero de tel\u00e9fono asociado<\/strong><\/em><strong>:<\/strong> <strong>[<\/strong><strong>\ud83d\udc49<\/strong><strong> 997 193 599<\/strong><\/span><\/p>\n<p>&nbsp;<\/p>\n","protected":false},"excerpt":{"rendered":"<p>Iniciamos este mes de septiembre con el coraz\u00f3n desbordante de gratitud, orgullo y madurez period\u00edstica. Turistamagazine Online celebra oficialmente 17 a\u00f1os de permanencia ininterrumpida en la nube digital. Lo que comenz\u00f3 como un sue\u00f1o de comunicaci\u00f3n aut\u00e9ntica y un espacio para inspirar a las nuevas generaciones, hoy se consolida en un nivel superior: ser el referente definitivo del periodismo tur\u00edstico para toda Am\u00e9rica. Ya que nuestro lema siempre ha sido \u00abServimos al Turismo, No nos servimos de \u00e9l\u00bb Y no hay mejor manera de celebrar este aniversario que agradeciendo a nu estra maravillosa comunidad. El pasado mes de agosto rompimos&#8230;<\/p>\n","protected":false},"author":1,"featured_media":0,"comment_status":"open","ping_status":"open","sticky":false,"template":"","format":"standard","meta":{"footnotes":""},"categories":[345],"tags":[11846,14022,10219,10556,10151],"class_list":["post-70886","post","type-post","status-publish","format-standard","hentry","category-editorial","tag-elenatejeradirectora","tag-responsabilidadsocial","tag-semanarioturistamagazine","tag-turismagazine","tag-turismoperuano"],"_links":{"self":[{"href":"https:\/\/www.turistamagazine.com\/v2\/index.php?rest_route=\/wp\/v2\/posts\/70886","targetHints":{"allow":["GET"]}}],"collection":[{"href":"https:\/\/www.turistamagazine.com\/v2\/index.php?rest_route=\/wp\/v2\/posts"}],"about":[{"href":"https:\/\/www.turistamagazine.com\/v2\/index.php?rest_route=\/wp\/v2\/types\/post"}],"author":[{"embeddable":true,"href":"https:\/\/www.turistamagazine.com\/v2\/index.php?rest_route=\/wp\/v2\/users\/1"}],"replies":[{"embeddable":true,"href":"https:\/\/www.turistamagazine.com\/v2\/index.php?rest_route=%2Fwp%2Fv2%2Fcomments&post=70886"}],"version-history":[{"count":3,"href":"https:\/\/www.turistamagazine.com\/v2\/index.php?rest_route=\/wp\/v2\/posts\/70886\/revisions"}],"predecessor-version":[{"id":70889,"href":"https:\/\/www.turistamagazine.com\/v2\/index.php?rest_route=\/wp\/v2\/posts\/70886\/revisions\/70889"}],"wp:attachment":[{"href":"https:\/\/www.turistamagazine.com\/v2\/index.php?rest_route=%2Fwp%2Fv2%2Fmedia&parent=70886"}],"wp:term":[{"taxonomy":"category","embeddable":true,"href":"https:\/\/www.turistamagazine.com\/v2\/index.php?rest_route=%2Fwp%2Fv2%2Fcategories&post=70886"},{"taxonomy":"post_tag","embeddable":true,"href":"https:\/\/www.turistamagazine.com\/v2\/index.php?rest_route=%2Fwp%2Fv2%2Ftags&post=70886"}],"curies":[{"name":"wp","href":"https:\/\/api.w.org\/{rel}","templated":true}]}}