{"id":70880,"date":"2026-09-04T19:18:14","date_gmt":"2026-09-05T00:18:14","guid":{"rendered":"https:\/\/www.turistamagazine.com\/v2\/?p=70880"},"modified":"2026-09-04T19:18:14","modified_gmt":"2026-09-05T00:18:14","slug":"celine-dion-la-locura-por-los-productos","status":"publish","type":"post","link":"https:\/\/www.turistamagazine.com\/v2\/?p=70880","title":{"rendered":"Celine Dion, la locura por los productos"},"content":{"rendered":"<p style=\"text-align: center;\"><span style=\"color: #000080;\"><em><strong>C\u00e9line Dion con los lentes de sol\u00a0 de Collection, la marca de estilo de vida de la artista, lanzada en 2017 <\/strong><\/em><\/span><\/p>\n<p style=\"text-align: justify;\"><span style=\"color: #000080;\"><em><strong>Cl\u00e9mence Pouget*<\/strong><\/em><\/span><\/p>\n<p style=\"text-align: justify;\"><span style=\"color: #000080;\"><em><strong>Francia\/04\/09\/2026.-Una tienda moment\u00e1nea en Galeries Lafayette, camisetas de Maje con su imagen y macarons firmados por Pierre Herm\u00e9: aunque la estrella de Quebec a\u00fan no ha dado su primer concierto, su regreso ya est\u00e1 en todas partes.<\/strong><\/em><\/span><\/p>\n<p style=\"text-align: justify;\"><span style=\"color: #000080;\"><em><strong>El 12 de septiembre, la cantante de 58 a\u00f1os regresar\u00e1 al Pl\u00e9nitude Arena de Nanterre para el primero de sus 26 conciertos, tras m\u00e1s de seis a\u00f1os alejada de los escenarios. Los expertos coinciden: la <span style=\"color: #800080;\">\u00abEconom\u00eda Celine Dion\u00bb<\/span> est\u00e1 en pleno auge. Si bien la expectaci\u00f3n ha sido palpable desde su llegada el 28 de agosto al Royal Monceau, el hotel de lujo donde se hospedar\u00e1 durante su residencia parisina, los souvenirs ya se est\u00e1n convirtiendo en objetos de colecci\u00f3n. <span style=\"color: #800080;\">Es un hecho: los fans no solo quieren ver a la artista en directo (\u00a1para los pocos afortunados!), sino que, sobre todo, desean tener un recuerdo de su regreso a la capital.<\/span><\/strong><\/em><\/span><\/p>\n<div id=\"attachment_70882\" style=\"width: 577px\" class=\"wp-caption aligncenter\"><a href=\"https:\/\/www.turistamagazine.com\/v2\/wp-content\/uploads\/2026\/09\/Celine-Dion.jpg\"><img decoding=\"async\" aria-describedby=\"caption-attachment-70882\" class=\"wp-image-70882 size-full\" src=\"https:\/\/www.turistamagazine.com\/v2\/wp-content\/uploads\/2026\/09\/Celine-Dion.jpg\" alt=\"\" width=\"567\" height=\"378\" srcset=\"https:\/\/www.turistamagazine.com\/v2\/wp-content\/uploads\/2026\/09\/Celine-Dion.jpg 567w, https:\/\/www.turistamagazine.com\/v2\/wp-content\/uploads\/2026\/09\/Celine-Dion-300x200.jpg 300w\" sizes=\"(max-width: 567px) 100vw, 567px\" \/><\/a><p id=\"caption-attachment-70882\" class=\"wp-caption-text\"><span style=\"color: #000080;\"><em><strong>Camiseta Maje x C\u00e9line Dion, 195 euros. \u00a9 RD<\/strong><\/em><\/span><\/p><\/div>\n<p style=\"text-align: justify;\"><span style=\"color: #000080;\"><em><strong>Y las marcas se han dado cuenta. \u00bfEl mejor lugar para ir de compras para los fans de C\u00e9line Dion? Galeries Lafayette, con una tienda pop-up dedicada exclusivamente a ella. Camisetas serigrafiadas con \u00abI Love Paris C\u00e9line\u00bb (45 \u20ac) o camisetas de la marca Maje, bufandas (45 \u20ac), discos de vinilo (40 \u20ac), calcetines bordados (20 \u20ac)&#8230; Creado en colaboraci\u00f3n con A&amp;R Studios, el estudio creativo de Universal Music France, este espacio exclusivo (abierto hasta el 5 de octubre) est\u00e1 destinado a convertirse en el destino imprescindible en las pr\u00f3ximas semanas. \u00abDesde el dise\u00f1o de la tienda pop-up hasta la selecci\u00f3n de las colaboraciones que la acompa\u00f1an, quer\u00edamos crear una experiencia inmersiva capaz de extender la emoci\u00f3n de los conciertos de C\u00e9line Dion y reunir a los fans en todo su universo\u00bb, explican Thibault Kuhlmann, director general, y Xavier M\u00e9vellec, subdirector general de A&amp;R Studios.<\/strong><\/em><\/span><\/p>\n<div id=\"attachment_70881\" style=\"width: 560px\" class=\"wp-caption aligncenter\"><a href=\"https:\/\/www.turistamagazine.com\/v2\/wp-content\/uploads\/2026\/09\/Macarron1.jpg\"><img decoding=\"async\" aria-describedby=\"caption-attachment-70881\" class=\"wp-image-70881\" src=\"https:\/\/www.turistamagazine.com\/v2\/wp-content\/uploads\/2026\/09\/Macarron1.jpg\" alt=\"\" width=\"550\" height=\"369\" srcset=\"https:\/\/www.turistamagazine.com\/v2\/wp-content\/uploads\/2026\/09\/Macarron1.jpg 630w, https:\/\/www.turistamagazine.com\/v2\/wp-content\/uploads\/2026\/09\/Macarron1-300x201.jpg 300w, https:\/\/www.turistamagazine.com\/v2\/wp-content\/uploads\/2026\/09\/Macarron1-626x420.jpg 626w, https:\/\/www.turistamagazine.com\/v2\/wp-content\/uploads\/2026\/09\/Macarron1-610x410.jpg 610w\" sizes=\"(max-width: 550px) 100vw, 550px\" \/><\/a><p id=\"caption-attachment-70881\" class=\"wp-caption-text\"><span style=\"color: #000080;\"><em><strong>\u00abEl caramelo siempre ha sido mi debilidad\u00bb, confiesa la estrella.<\/strong><\/em><\/span><\/p><\/div>\n<p style=\"text-align: justify;\"><span style=\"color: #000080;\"><em><strong><span style=\"color: #800080;\">Pero el premio al dulce m\u00e1s exquisito se lo lleva Pierre Herm\u00e9. El mejor pastelero del mundo, en colaboraci\u00f3n con la cantante, ha creado una edici\u00f3n limitada de macarons.<\/span> \u00abLa reposter\u00eda, como la m\u00fasica, tiene el poder de evocar emociones y despertar recuerdos\u00bb, explica. \u00abEsta colaboraci\u00f3n con C\u00e9line Dion es una celebraci\u00f3n de esta sensibilidad compartida, donde cada macaron, cada nota, cuenta una historia\u00bb. La cantante seleccion\u00f3 personalmente sus combinaciones de sabores favoritas entre las creaciones del chocolatero parisino (que se venden en caja por 38 \u20ac). Por ejemplo, el macaron de caramelo: \u00abEl caramelo siempre ha sido mi debilidad\u00bb, confiesa la estrella. \u00abDesde peque\u00f1a, su dulzura reconfortante me transporta instant\u00e1neamente a mis recuerdos m\u00e1s entra\u00f1ables\u00bb.<\/strong><\/em><\/span><\/p>\n<p style=\"text-align: justify;\"><span style=\"color: #000080;\"><em><strong>\u00a1Atenci\u00f3n coleccionistas y fans incondicionales! Las plataformas de segunda mano est\u00e1n repletas de joyas vintage. En Vinted, una camiseta de coleccionista de la gira mundial \u00abLet&#8217;s Talk About Love\u00bb de 1999 se vende por 180 \u20ac. Los bolsos y las gafas de sol de Collection, la marca de estilo de vida de C\u00e9line Dion, lanzada en 2017 (y que fracas\u00f3 en su momento), est\u00e1n experimentando una nueva ola de popularidad. Prueba de que lo pasado de moda ayer puede volver a estar de moda hoy. El poder del mercado de la nostalgia.<\/strong><\/em><\/span><\/p>\n<p style=\"text-align: justify;\"><span style=\"color: #000080;\"><em><strong>*F\/ Paris Match<\/strong><\/em><\/span><\/p>\n<p><a href=\"https:\/\/www.turistamagazine.com\/v2\/wp-content\/uploads\/2026\/07\/LogoNuevo.png\"><img decoding=\"async\" class=\"size-full wp-image-70423 aligncenter\" src=\"https:\/\/www.turistamagazine.com\/v2\/wp-content\/uploads\/2026\/07\/LogoNuevo.png\" alt=\"\" width=\"550\" height=\"365\" srcset=\"https:\/\/www.turistamagazine.com\/v2\/wp-content\/uploads\/2026\/07\/LogoNuevo.png 550w, https:\/\/www.turistamagazine.com\/v2\/wp-content\/uploads\/2026\/07\/LogoNuevo-300x199.png 300w\" sizes=\"(max-width: 550px) 100vw, 550px\" \/><\/a><\/p>\n<p><span style=\"color: #000080;\"><strong><em>Lectores Internacionales::<\/em><\/strong> <strong><em>Si nos lees desde el extranjero y valoras nuestra trayectoria, puedes respaldar nuestro trabajo con un aporte simb\u00f3lico haciendo clic aqu\u00ed: Apoyar v\u00eda Pay Pal:<\/em><\/strong> <\/span><a href=\"http:\/\/paypal.me\/Turistamagazine\"><strong><em>paypal.me\/Turistamagazine\u00a0\u00a0<\/em><\/strong><\/a><\/p>\n<p><span style=\"color: #800080;\"><strong><em>Si nos lees desde tu propio celular:<\/em><\/strong><em> <strong>\u00a1Es s\u00faper f\u00e1cil! Puedes yapear o plinear directamente ingresando nuestro n\u00famero de tel\u00e9fono asociado<\/strong><\/em><strong>:<\/strong> <strong>[<\/strong><strong>\ud83d\udc49<\/strong><strong> 997 193 599<\/strong><\/span><\/p>\n<p>&nbsp;<\/p>\n","protected":false},"excerpt":{"rendered":"<p>C\u00e9line Dion con los lentes de sol\u00a0 de Collection, la marca de estilo de vida de la artista, lanzada en 2017 Cl\u00e9mence Pouget* Francia\/04\/09\/2026.-Una tienda moment\u00e1nea en Galeries Lafayette, camisetas de Maje con su imagen y macarons firmados por Pierre Herm\u00e9: aunque la estrella de Quebec a\u00fan no ha dado su primer concierto, su regreso ya est\u00e1 en todas partes. El 12 de septiembre, la cantante de 58 a\u00f1os regresar\u00e1 al Pl\u00e9nitude Arena de Nanterre para el primero de sus 26 conciertos, tras m\u00e1s de seis a\u00f1os alejada de los escenarios. Los expertos coinciden: la \u00abEconom\u00eda Celine Dion\u00bb est\u00e1 en&#8230;<\/p>\n","protected":false},"author":1,"featured_media":70831,"comment_status":"open","ping_status":"open","sticky":false,"template":"","format":"standard","meta":{"footnotes":""},"categories":[4,84],"tags":[14012,11846,13836,10219],"class_list":["post-70880","post","type-post","status-publish","format-standard","has-post-thumbnail","hentry","category-breaking-news","category-internacionales","tag-celinedionenparis","tag-elenatejeradirectora","tag-periodismoturistico","tag-semanarioturistamagazine"],"_links":{"self":[{"href":"https:\/\/www.turistamagazine.com\/v2\/index.php?rest_route=\/wp\/v2\/posts\/70880","targetHints":{"allow":["GET"]}}],"collection":[{"href":"https:\/\/www.turistamagazine.com\/v2\/index.php?rest_route=\/wp\/v2\/posts"}],"about":[{"href":"https:\/\/www.turistamagazine.com\/v2\/index.php?rest_route=\/wp\/v2\/types\/post"}],"author":[{"embeddable":true,"href":"https:\/\/www.turistamagazine.com\/v2\/index.php?rest_route=\/wp\/v2\/users\/1"}],"replies":[{"embeddable":true,"href":"https:\/\/www.turistamagazine.com\/v2\/index.php?rest_route=%2Fwp%2Fv2%2Fcomments&post=70880"}],"version-history":[{"count":1,"href":"https:\/\/www.turistamagazine.com\/v2\/index.php?rest_route=\/wp\/v2\/posts\/70880\/revisions"}],"predecessor-version":[{"id":70883,"href":"https:\/\/www.turistamagazine.com\/v2\/index.php?rest_route=\/wp\/v2\/posts\/70880\/revisions\/70883"}],"wp:featuredmedia":[{"embeddable":true,"href":"https:\/\/www.turistamagazine.com\/v2\/index.php?rest_route=\/wp\/v2\/media\/70831"}],"wp:attachment":[{"href":"https:\/\/www.turistamagazine.com\/v2\/index.php?rest_route=%2Fwp%2Fv2%2Fmedia&parent=70880"}],"wp:term":[{"taxonomy":"category","embeddable":true,"href":"https:\/\/www.turistamagazine.com\/v2\/index.php?rest_route=%2Fwp%2Fv2%2Fcategories&post=70880"},{"taxonomy":"post_tag","embeddable":true,"href":"https:\/\/www.turistamagazine.com\/v2\/index.php?rest_route=%2Fwp%2Fv2%2Ftags&post=70880"}],"curies":[{"name":"wp","href":"https:\/\/api.w.org\/{rel}","templated":true}]}}