{"id":70857,"date":"2026-08-31T07:19:34","date_gmt":"2026-08-31T12:19:34","guid":{"rendered":"https:\/\/www.turistamagazine.com\/v2\/?p=70857"},"modified":"2026-08-31T07:19:34","modified_gmt":"2026-08-31T12:19:34","slug":"panama-anfitrion-del-mundo-nueva-marca-pais","status":"publish","type":"post","link":"https:\/\/www.turistamagazine.com\/v2\/?p=70857","title":{"rendered":"\u201cPanam\u00e1 Anfitri\u00f3n del Mundo\u201d Nueva Marca\u00a0 Pa\u00eds"},"content":{"rendered":"<p style=\"text-align: justify;\"><span style=\"color: #000080;\"><em><strong>Panam\u00e1\/31\/08\/2026.-La nueva marca pa\u00eds de Panam\u00e1 nace\u00a0 bajo el lema \u201cPanam\u00e1 Anfitri\u00f3n del Mundo\u2019\u201d es\u00a0 una invitaci\u00f3n a visitar el istmo para consolidar la imagen del pa\u00eds centroamericano en el escenario internacional a trav\u00e9s de inversi\u00f3n del Mundo\u201d, exportaciones, turismo, log\u00edstica y sostenibilidad al mostrar su \u201cADN\u201d Con la nueva marca pa\u00eds, \u201cPanam\u00e1 Anfitri\u00f3n\u00a0 del Mundo\u201d, Panam\u00e1 ya no compite como un destino, sino como parte de una propuesta de pa\u00eds con estabilidad, conectividad e infraestructura detr\u00e1s. La marca tur\u00edstica gana alcance, no pierde identidad. La\u00a0 marca pa\u00eds \u201cPanam\u00e1 Anfitri\u00f3n\u00a0 del Mundo\u201d,\u00a0 no le pertenece a un gobierno, le pertenece a Panam\u00e1 y a todos los paname\u00f1os. Por eso debemos mantenerla alejada de intereses pol\u00edticos y procurar que trascienda a quienes circunstancialmente tengamos la responsabilidad de gobernar\u201d, a\u00f1adi\u00f3.<\/strong><\/em><\/span><\/p>\n<p style=\"text-align: justify;\"><span style=\"color: #000080;\"><em><strong>\u00a0En ese sentido, esta estrategia promocional de Panam\u00e1 ser\u00e1 enviada a consideraci\u00f3n de la Asamblea Nacional, con el prop\u00f3sito de que se convierta en Ley de la Rep\u00fablica. La nueva marca pa\u00eds \u201cPanam\u00e1, Anfitri\u00f3n del Mundo\u201d, busca proyectar la posici\u00f3n hist\u00f3rica del istmo como punto de encuentro global con el Canal de Panam\u00e1 como eje central, su situaci\u00f3n geogr\u00e1fica estrat\u00e9gica, la diversidad cultural que convive en paz, el liderazgo log\u00edstico, la conectividad, estabilidad y biodiversidad.<\/strong><\/em><\/span><\/p>\n<p style=\"text-align: justify;\"><span style=\"color: #000080;\"><em><strong>La marca \u201cPanam\u00e1, Anfitri\u00f3n del Mundo\u201d, se configura en 5 pilares para establecer un modo de vender a Panam\u00e1 de manera integral para posicionarlo como un todo ante el mundo.\u00a0 El nuevo logotipo de \u201cPanam\u00e1, Anfitri\u00f3n del Mundo\u201d, evoca la apertura y las rutas de intercambio que caracterizan a la naci\u00f3n, pues el dise\u00f1o incorpora unas curvas en la tipograf\u00eda de las letras \u201cA\u201d que representan ambos oc\u00e9anos en sus extremos, ubicando a Panam\u00e1 en el centro como el enlace entre ambos. contempla un esquema de responsabilidad compartida entre la ciudadan\u00eda, las empresas y las instituciones gubernamentales, seg\u00fan la informaci\u00f3n oficial.<\/strong><\/em><\/span><\/p>\n<p style=\"text-align: justify;\"><span style=\"color: #000080;\"><em><strong>As\u00ed, para garantizar la sostenibilidad en el tiempo, se trabaja en una estructura de gobernanza institucional que administrar\u00e1 y proteger\u00e1 este activo, incluyendo reglamentos de uso, licencias comerciales y un programa oficial de embajadores. A partir de la presentaci\u00f3n de la nueva marca \u201cPanam\u00e1, Anfitri\u00f3n del Mundo\u201d toda la comunicaci\u00f3n tur\u00edstica de Panam\u00e1 pasa a desplegarse dentro del marco de \u201cPanam\u00e1, Anfitri\u00f3n del Mundo\u201d, d\u00e1ndole al sector un respaldo m\u00e1s amplio.<\/strong><\/em><\/span><\/p>\n<p style=\"text-align: justify;\"><em><strong>Env\u00edo Levy Benshimol Venezuela<\/strong><\/em><\/p>\n<p><a href=\"https:\/\/www.turistamagazine.com\/v2\/wp-content\/uploads\/2017\/08\/Logo-delos-11.jpg\"><img decoding=\"async\" class=\"size-full wp-image-70849 aligncenter\" src=\"https:\/\/www.turistamagazine.com\/v2\/wp-content\/uploads\/2017\/08\/Logo-delos-11.jpg\" alt=\"\" width=\"700\" height=\"382\" srcset=\"https:\/\/www.turistamagazine.com\/v2\/wp-content\/uploads\/2017\/08\/Logo-delos-11.jpg 700w, https:\/\/www.turistamagazine.com\/v2\/wp-content\/uploads\/2017\/08\/Logo-delos-11-300x164.jpg 300w, https:\/\/www.turistamagazine.com\/v2\/wp-content\/uploads\/2017\/08\/Logo-delos-11-610x333.jpg 610w\" sizes=\"(max-width: 700px) 100vw, 700px\" \/><\/a><\/p>\n<p><span style=\"color: #000080;\"><strong><em>Lectores Internacionales::<\/em><\/strong> <strong><em>Si nos lees desde el extranjero y valoras nuestra trayectoria, puedes respaldar nuestro trabajo con un aporte simb\u00f3lico haciendo clic aqu\u00ed: Apoyar v\u00eda Pay Pal:<\/em><\/strong> <\/span><a href=\"http:\/\/paypal.me\/Turistamagazine\"><strong><em>paypal.me\/Turistamagazine\u00a0\u00a0<\/em><\/strong><\/a><\/p>\n<p><span style=\"color: #800080;\"><strong><em>Si nos lees desde tu propio celular:<\/em><\/strong><em> <strong>\u00a1Es s\u00faper f\u00e1cil! Puedes yapear o plinear directamente ingresando nuestro n\u00famero de tel\u00e9fono asociado<\/strong><\/em><strong>:<\/strong> <strong>[<\/strong><strong>\ud83d\udc49<\/strong><strong> 997 193 599<\/strong><\/span><\/p>\n<p>&nbsp;<\/p>\n<p style=\"text-align: justify;\">\n","protected":false},"excerpt":{"rendered":"<p>Panam\u00e1\/31\/08\/2026.-La nueva marca pa\u00eds de Panam\u00e1 nace\u00a0 bajo el lema \u201cPanam\u00e1 Anfitri\u00f3n del Mundo\u2019\u201d es\u00a0 una invitaci\u00f3n a visitar el istmo para consolidar la imagen del pa\u00eds centroamericano en el escenario internacional a trav\u00e9s de inversi\u00f3n del Mundo\u201d, exportaciones, turismo, log\u00edstica y sostenibilidad al mostrar su \u201cADN\u201d Con la nueva marca pa\u00eds, \u201cPanam\u00e1 Anfitri\u00f3n\u00a0 del Mundo\u201d, Panam\u00e1 ya no compite como un destino, sino como parte de una propuesta de pa\u00eds con estabilidad, conectividad e infraestructura detr\u00e1s. La marca tur\u00edstica gana alcance, no pierde identidad. La\u00a0 marca pa\u00eds \u201cPanam\u00e1 Anfitri\u00f3n\u00a0 del Mundo\u201d,\u00a0 no le pertenece a un gobierno, le pertenece&#8230;<\/p>\n","protected":false},"author":1,"featured_media":70858,"comment_status":"open","ping_status":"open","sticky":false,"template":"","format":"standard","meta":{"footnotes":""},"categories":[4,84],"tags":[11846,14018,10219,7471,1039],"class_list":["post-70857","post","type-post","status-publish","format-standard","has-post-thumbnail","hentry","category-breaking-news","category-internacionales","tag-elenatejeradirectora","tag-panamaanfitriondelmundo","tag-semanarioturistamagazine","tag-elenita-villar-asesora-de-tesis-en-turismo","tag-panama"],"_links":{"self":[{"href":"https:\/\/www.turistamagazine.com\/v2\/index.php?rest_route=\/wp\/v2\/posts\/70857","targetHints":{"allow":["GET"]}}],"collection":[{"href":"https:\/\/www.turistamagazine.com\/v2\/index.php?rest_route=\/wp\/v2\/posts"}],"about":[{"href":"https:\/\/www.turistamagazine.com\/v2\/index.php?rest_route=\/wp\/v2\/types\/post"}],"author":[{"embeddable":true,"href":"https:\/\/www.turistamagazine.com\/v2\/index.php?rest_route=\/wp\/v2\/users\/1"}],"replies":[{"embeddable":true,"href":"https:\/\/www.turistamagazine.com\/v2\/index.php?rest_route=%2Fwp%2Fv2%2Fcomments&post=70857"}],"version-history":[{"count":2,"href":"https:\/\/www.turistamagazine.com\/v2\/index.php?rest_route=\/wp\/v2\/posts\/70857\/revisions"}],"predecessor-version":[{"id":70860,"href":"https:\/\/www.turistamagazine.com\/v2\/index.php?rest_route=\/wp\/v2\/posts\/70857\/revisions\/70860"}],"wp:featuredmedia":[{"embeddable":true,"href":"https:\/\/www.turistamagazine.com\/v2\/index.php?rest_route=\/wp\/v2\/media\/70858"}],"wp:attachment":[{"href":"https:\/\/www.turistamagazine.com\/v2\/index.php?rest_route=%2Fwp%2Fv2%2Fmedia&parent=70857"}],"wp:term":[{"taxonomy":"category","embeddable":true,"href":"https:\/\/www.turistamagazine.com\/v2\/index.php?rest_route=%2Fwp%2Fv2%2Fcategories&post=70857"},{"taxonomy":"post_tag","embeddable":true,"href":"https:\/\/www.turistamagazine.com\/v2\/index.php?rest_route=%2Fwp%2Fv2%2Ftags&post=70857"}],"curies":[{"name":"wp","href":"https:\/\/api.w.org\/{rel}","templated":true}]}}