{"id":70854,"date":"2026-08-30T18:28:15","date_gmt":"2026-08-30T23:28:15","guid":{"rendered":"https:\/\/www.turistamagazine.com\/v2\/?p=70854"},"modified":"2026-08-30T18:28:15","modified_gmt":"2026-08-30T23:28:15","slug":"promperu-fortalece-alianza-con-lideres-profesionales-para-atraer-mas-congresos-internacionales-al-peru","status":"publish","type":"post","link":"https:\/\/www.turistamagazine.com\/v2\/?p=70854","title":{"rendered":"PROMPER\u00da fortalece alianza con l\u00edderes profesionales para atraer m\u00e1s congresos internacionales al Per\u00fa"},"content":{"rendered":"<p style=\"text-align: center;\"><span style=\"color: #800080;\"><em><strong>Encuentro \u201cL\u00edderes que conquistan el mundo\u201d reuni\u00f3 a decanos, presidentes de asociaciones y representantes de bur\u00f3s de convenciones para impulsar nuevas candidaturas y consolidar al pa\u00eds como sede competitiva de eventos internacionales.<\/strong><\/em><\/span><\/p>\n<p style=\"text-align: justify;\"><span style=\"color: #000080;\"><em><strong>Lima\/30\/08\/2026.-Con el objetivo de impulsar la captaci\u00f3n de congresos y reuniones internacionales, PROMPER\u00da realiz\u00f3 el Encuentro Nacional de Asociaciones y Colegios Profesionales <span style=\"color: #800080;\">\u201cL\u00edderes que conquistan el mundo<\/span>\u201d, una jornada especializada que fortaleci\u00f3 las capacidades de l\u00edderes de distintas comunidades profesionales para identificar oportunidades y promover nuevas candidaturas del Per\u00fa como sede de eventos internacionales.<\/strong><\/em><\/span><\/p>\n<p style=\"text-align: justify;\"><span style=\"color: #000080;\"><em><strong><span style=\"color: #800080;\">La actividad congreg\u00f3 a 40 acad\u00e9micos, entre decanos y presidentes de asociaciones y colegios profesionales, junto con l\u00edderes de los bur\u00f3s de convenciones y especialistas del turismo de reuniones.<\/span> Durante la jornada se abordaron herramientas y estrategias orientadas a desarrollar candidaturas competitivas, fortalecer las capacidades de presentaci\u00f3n y negociaci\u00f3n y aprovechar las redes profesionales para atraer grandes encuentros al pa\u00eds.<\/strong><\/em><\/span><\/p>\n<p style=\"text-align: justify;\"><span style=\"color: #000080;\"><em><strong>Los participantes recorrieron de manera inmersiva la oferta de <span style=\"color: #800080;\">Lima, Ica\u2013Paracas, Cusco, Valle Sagrado, Arequipa e Iquitos, a trav\u00e9s de contenidos audiovisuales, experiencias gastron\u00f3micas y activaciones culturales que pusieron en valor los atributos diferenciales de estos destinos para el turismo de reuniones.<\/span> La propuesta permiti\u00f3 mostrar c\u00f3mo la diversidad cultural, gastron\u00f3mica y natural del Per\u00fa complementa su oferta para la realizaci\u00f3n de encuentros internacionales y contribuye a generar experiencias memorables para sus participantes.<\/strong><\/em><\/span><\/p>\n<p style=\"text-align: justify;\"><span style=\"color: #000080;\"><em><strong>El encuentro cont\u00f3 con la participaci\u00f3n del especialista internacional Santiago Gonz\u00e1lez, quien comparti\u00f3 conocimientos y herramientas vinculadas con inteligencia de negocios, marketing de destinos, innovaci\u00f3n en la captaci\u00f3n de eventos e inteligencia artificial aplicada al sector MICE.<\/strong><\/em><\/span><\/p>\n<p style=\"text-align: justify;\"><span style=\"color: #000080;\"><em><strong>Los resultados respaldan este potencial. De acuerdo con el ranking 2025 de la <span style=\"color: #800080;\">International Congress and Convention Association (ICCA),<\/span> el Per\u00fa registr\u00f3 un crecimiento de 52,5 % en la captaci\u00f3n de congresos internacionales, al pasar de 64 a 93 eventos. Lima, por su parte, alcanz\u00f3 un crecimiento hist\u00f3rico de 67,4 %, pasando de 43 a 72 congresos internacionales, y se posicion\u00f3 entre las principales ciudades de las Am\u00e9ricas para la realizaci\u00f3n de reuniones internacionales.<\/strong><\/em><\/span><\/p>\n<p style=\"text-align: justify;\"><span style=\"color: #000080;\"><em><strong>Al respecto, la presidenta ejecutiva de PROMPER\u00da, Teresa Mera, destac\u00f3 que los resultados alcanzados por el pa\u00eds demuestran su capacidad para competir por nuevos encuentros internacionales y remarc\u00f3 el papel que pueden desempe\u00f1ar los l\u00edderes profesionales para seguir avanzando en este posicionamiento. \u201cEste avance nos impulsa a seguir trabajando por un objetivo com\u00fan: posicionarnos como un pa\u00eds competitivo para la realizaci\u00f3n de congresos y eventos internacionales. Y para dar el siguiente paso, necesitamos precisamente de l\u00edderes capaces de identificar oportunidades, generar alianzas y apostar por el Per\u00fa\u201d, precis\u00f3.<\/strong><\/em><\/span><\/p>\n<p style=\"text-align: justify;\"><span style=\"color: #800080;\"><em><strong>M\u00e1s de 20 postulaciones activas<\/strong><\/em><\/span><\/p>\n<p style=\"text-align: justify;\"><span style=\"color: #000080;\"><em><strong>Actualmente, PROMPER\u00da trabaja junto con asociaciones profesionales y bur\u00f3s de convenciones en m\u00e1s de 20 postulaciones activas para atraer congresos internacionales durante 2026 y 2027. En este proceso, los presidentes y decanos cumplen un papel estrat\u00e9gico como l\u00edderes profesionales, especialmente durante la presentaci\u00f3n de las candidaturas ante los comit\u00e9s internacionales responsables de elegir las sedes.<\/strong><\/em><\/span><\/p>\n<p style=\"text-align: justify;\"><a href=\"https:\/\/www.turistamagazine.com\/v2\/wp-content\/uploads\/2017\/08\/Logo-delos-11.jpg\"><img decoding=\"async\" class=\"size-full wp-image-70849 aligncenter\" src=\"https:\/\/www.turistamagazine.com\/v2\/wp-content\/uploads\/2017\/08\/Logo-delos-11.jpg\" alt=\"\" width=\"700\" height=\"382\" srcset=\"https:\/\/www.turistamagazine.com\/v2\/wp-content\/uploads\/2017\/08\/Logo-delos-11.jpg 700w, https:\/\/www.turistamagazine.com\/v2\/wp-content\/uploads\/2017\/08\/Logo-delos-11-300x164.jpg 300w, https:\/\/www.turistamagazine.com\/v2\/wp-content\/uploads\/2017\/08\/Logo-delos-11-610x333.jpg 610w\" sizes=\"(max-width: 700px) 100vw, 700px\" \/><\/a><\/p>\n<p><span style=\"color: #800080;\"><strong><em>Lectores Internacionales::<\/em><\/strong> <strong><em>Si nos lees desde el extranjero y valoras nuestra trayectoria, puedes respaldar nuestro trabajo con un aporte simb\u00f3lico haciendo clic aqu\u00ed: Apoyar v\u00eda Pay Pal:<\/em><\/strong> <\/span><a href=\"http:\/\/paypal.me\/Turistamagazine\"><strong><em>paypal.me\/Turistamagazine\u00a0\u00a0<\/em><\/strong><\/a><\/p>\n<p><span style=\"color: #800080;\"><strong><em>Si nos lees desde tu propio celular:<\/em><\/strong><em> <strong>\u00a1Es s\u00faper f\u00e1cil! Puedes yapear o plinear directamente ingresando nuestro n\u00famero de tel\u00e9fono asociado<\/strong><\/em><strong>:<\/strong> <strong>[<\/strong><strong>\ud83d\udc49<\/strong><strong> 997 193 599<\/strong><\/span><\/p>\n<p style=\"text-align: justify;\">\n","protected":false},"excerpt":{"rendered":"<p>Encuentro \u201cL\u00edderes que conquistan el mundo\u201d reuni\u00f3 a decanos, presidentes de asociaciones y representantes de bur\u00f3s de convenciones para impulsar nuevas candidaturas y consolidar al pa\u00eds como sede competitiva de eventos internacionales. Lima\/30\/08\/2026.-Con el objetivo de impulsar la captaci\u00f3n de congresos y reuniones internacionales, PROMPER\u00da realiz\u00f3 el Encuentro Nacional de Asociaciones y Colegios Profesionales \u201cL\u00edderes que conquistan el mundo\u201d, una jornada especializada que fortaleci\u00f3 las capacidades de l\u00edderes de distintas comunidades profesionales para identificar oportunidades y promover nuevas candidaturas del Per\u00fa como sede de eventos internacionales. La actividad congreg\u00f3 a 40 acad\u00e9micos, entre decanos y presidentes de asociaciones y colegios&#8230;<\/p>\n","protected":false},"author":1,"featured_media":70855,"comment_status":"open","ping_status":"open","sticky":false,"template":"","format":"standard","meta":{"footnotes":""},"categories":[4,82],"tags":[11846,14016,14017,10219,9016],"class_list":["post-70854","post","type-post","status-publish","format-standard","has-post-thumbnail","hentry","category-breaking-news","category-nacionales","tag-elenatejeradirectora","tag-lideresqueconquistanelmundo","tag-miceperu","tag-semanarioturistamagazine","tag-elena-honores-coordinadora-de-ciestca-peru"],"_links":{"self":[{"href":"https:\/\/www.turistamagazine.com\/v2\/index.php?rest_route=\/wp\/v2\/posts\/70854","targetHints":{"allow":["GET"]}}],"collection":[{"href":"https:\/\/www.turistamagazine.com\/v2\/index.php?rest_route=\/wp\/v2\/posts"}],"about":[{"href":"https:\/\/www.turistamagazine.com\/v2\/index.php?rest_route=\/wp\/v2\/types\/post"}],"author":[{"embeddable":true,"href":"https:\/\/www.turistamagazine.com\/v2\/index.php?rest_route=\/wp\/v2\/users\/1"}],"replies":[{"embeddable":true,"href":"https:\/\/www.turistamagazine.com\/v2\/index.php?rest_route=%2Fwp%2Fv2%2Fcomments&post=70854"}],"version-history":[{"count":1,"href":"https:\/\/www.turistamagazine.com\/v2\/index.php?rest_route=\/wp\/v2\/posts\/70854\/revisions"}],"predecessor-version":[{"id":70856,"href":"https:\/\/www.turistamagazine.com\/v2\/index.php?rest_route=\/wp\/v2\/posts\/70854\/revisions\/70856"}],"wp:featuredmedia":[{"embeddable":true,"href":"https:\/\/www.turistamagazine.com\/v2\/index.php?rest_route=\/wp\/v2\/media\/70855"}],"wp:attachment":[{"href":"https:\/\/www.turistamagazine.com\/v2\/index.php?rest_route=%2Fwp%2Fv2%2Fmedia&parent=70854"}],"wp:term":[{"taxonomy":"category","embeddable":true,"href":"https:\/\/www.turistamagazine.com\/v2\/index.php?rest_route=%2Fwp%2Fv2%2Fcategories&post=70854"},{"taxonomy":"post_tag","embeddable":true,"href":"https:\/\/www.turistamagazine.com\/v2\/index.php?rest_route=%2Fwp%2Fv2%2Ftags&post=70854"}],"curies":[{"name":"wp","href":"https:\/\/api.w.org\/{rel}","templated":true}]}}