{"id":69817,"date":"2026-04-30T17:12:11","date_gmt":"2026-04-30T22:12:11","guid":{"rendered":"https:\/\/www.turistamagazine.com\/v2\/?p=69817"},"modified":"2026-04-30T17:12:11","modified_gmt":"2026-04-30T22:12:11","slug":"parlamento-europeo-exige-equilibrio-ante-la-nueva-estrategia-de-turismo-sostenible","status":"publish","type":"post","link":"https:\/\/www.turistamagazine.com\/v2\/?p=69817","title":{"rendered":"Parlamento Europeo exige equilibrio ante la nueva Estrategia de Turismo Sostenible"},"content":{"rendered":"<p style=\"text-align: justify;\"><span style=\"color: #000080;\"><em><strong>UE\/30\/04\/2026.-El Parlamento Europeo ha aprobado una resoluci\u00f3n clave que busca transformar el modelo tur\u00edstico del continente, instando a la Comisi\u00f3n Europea a implementar medidas que frenen el sobreturismo y mejoren la conectividad en regiones menos exploradas.<\/strong><\/em><\/span><\/p>\n<p style=\"text-align: justify;\"><span style=\"color: #000080;\"><em><strong>Con 439 votos a favor, los eurodiputados han marcado las prioridades para la pr\u00f3xima Estrategia de Turismo Sostenible de la UE, cuya presentaci\u00f3n se espera para finales de este a\u00f1o o inicios de 2027.<\/strong><\/em><\/span><\/p>\n<p style=\"text-align: justify;\"><span style=\"color: #000080;\"><em><strong>La resoluci\u00f3n subraya una estad\u00edstica alarmante: el 80% de los viajeros se concentra en apenas el 10% de los destinos globales. Para aliviar la presi\u00f3n en puntos cr\u00edticos como Venecia, Barcelona o Santorini, el Parlamento propone incentivar el flujo de visitantes hacia zonas rurales, de monta\u00f1a y regiones remotas.<\/strong><\/em><\/span><\/p>\n<p style=\"text-align: justify;\"><span style=\"color: #000080;\"><em><strong>Se busca potenciar modalidades de turismo regenerativo, as\u00ed como rutas gastron\u00f3micas, vin\u00edcolas y de cicloturismo que ayuden a desestacionalizar la demanda y generen ingresos en comunidades que hist\u00f3ricamente han quedado al margen del turismo de masas.<\/strong><\/em><\/span><\/p>\n<p style=\"text-align: justify;\"><span style=\"color: #000080;\"><em><strong>Para que la diversificaci\u00f3n sea efectiva, los legisladores identificaron la conectividad como el pilar fundamental. Se ha solicitado a la Comisi\u00f3n la creaci\u00f3n de un mecanismo de apoyo dedicado a fortalecer los enlaces a\u00e9reos, mar\u00edtimos y terrestres con destinos emergentes.<\/strong><\/em><\/span><\/p>\n<p style=\"text-align: justify;\"><span style=\"color: #800080;\"><em><strong>Regulaci\u00f3n de alquileres de corta duraci\u00f3n y empleo<\/strong><\/em><\/span><\/p>\n<p style=\"text-align: justify;\"><span style=\"color: #000080;\"><em><strong>El Parlamento tambi\u00e9n ha puesto bajo la lupa el crecimiento descontrolado de las plataformas de alquiler a corto plazo. Los eurodiputados advirtieron que la comercializaci\u00f3n excesiva est\u00e1 provocando escasez de vivienda y el desplazamiento de residentes locales. Por ello, piden un marco europeo que permita a los Estados miembros introducir l\u00edmites en las noches de estancia y sistemas de zonificaci\u00f3n m\u00e1s estrictos para preservar la autenticidad de los centros hist\u00f3ricos.<\/strong><\/em><\/span><\/p>\n<p style=\"text-align: justify;\"><span style=\"color: #000080;\"><em><strong>En cuanto al mercado laboral, se ha propuesto la creaci\u00f3n de una tarjeta europea de competencias tur\u00edsticas. Esta herramienta permitir\u00eda a los trabajadores del sector documentar su formaci\u00f3n y experiencia de forma armonizada en toda la UE, facilitando la movilidad y ayudando a paliar la actual escasez de mano de obra cualificada en la industria.<\/strong><\/em><\/span><\/p>\n<p style=\"text-align: justify;\"><span style=\"color: #000080;\"><em><strong>A pesar de que el turismo representa el 10,5% del PIB de la Uni\u00f3n Europea y genera m\u00e1s de 12 millones de empleos, la resoluci\u00f3n lamenta que el pr\u00f3ximo Marco Financiero Plurianual (2028-2034) a\u00fan no incluya un programa de financiaci\u00f3n espec\u00edfico e independiente para el sector.<\/strong><\/em><\/span><\/p>\n<p style=\"text-align: justify;\"><span style=\"color: #000080;\"><em><strong>Los eurodiputados insisten en que, sin una l\u00ednea presupuestaria propia, Europa corre el riesgo de perder su liderazgo tur\u00edstico global frente a otros mercados emergentes que est\u00e1n invirtiendo masivamente en infraestructura y promoci\u00f3n digital en este 2026.<\/strong><\/em><\/span><\/p>\n<p>F\/CND<\/p>\n<p>&nbsp;<\/p>\n","protected":false},"excerpt":{"rendered":"<p>UE\/30\/04\/2026.-El Parlamento Europeo ha aprobado una resoluci\u00f3n clave que busca transformar el modelo tur\u00edstico del continente, instando a la Comisi\u00f3n Europea a implementar medidas que frenen el sobreturismo y mejoren la conectividad en regiones menos exploradas. Con 439 votos a favor, los eurodiputados han marcado las prioridades para la pr\u00f3xima Estrategia de Turismo Sostenible de la UE, cuya presentaci\u00f3n se espera para finales de este a\u00f1o o inicios de 2027. La resoluci\u00f3n subraya una estad\u00edstica alarmante: el 80% de los viajeros se concentra en apenas el 10% de los destinos globales. Para aliviar la presi\u00f3n en puntos cr\u00edticos como Venecia,&#8230;<\/p>\n","protected":false},"author":1,"featured_media":69818,"comment_status":"open","ping_status":"open","sticky":false,"template":"","format":"standard","meta":{"footnotes":""},"categories":[4,84],"tags":[11846,10219,720],"class_list":["post-69817","post","type-post","status-publish","format-standard","has-post-thumbnail","hentry","category-breaking-news","category-internacionales","tag-elenatejeradirectora","tag-semanarioturistamagazine","tag-parlamento-europeo"],"_links":{"self":[{"href":"https:\/\/www.turistamagazine.com\/v2\/index.php?rest_route=\/wp\/v2\/posts\/69817","targetHints":{"allow":["GET"]}}],"collection":[{"href":"https:\/\/www.turistamagazine.com\/v2\/index.php?rest_route=\/wp\/v2\/posts"}],"about":[{"href":"https:\/\/www.turistamagazine.com\/v2\/index.php?rest_route=\/wp\/v2\/types\/post"}],"author":[{"embeddable":true,"href":"https:\/\/www.turistamagazine.com\/v2\/index.php?rest_route=\/wp\/v2\/users\/1"}],"replies":[{"embeddable":true,"href":"https:\/\/www.turistamagazine.com\/v2\/index.php?rest_route=%2Fwp%2Fv2%2Fcomments&post=69817"}],"version-history":[{"count":1,"href":"https:\/\/www.turistamagazine.com\/v2\/index.php?rest_route=\/wp\/v2\/posts\/69817\/revisions"}],"predecessor-version":[{"id":69819,"href":"https:\/\/www.turistamagazine.com\/v2\/index.php?rest_route=\/wp\/v2\/posts\/69817\/revisions\/69819"}],"wp:featuredmedia":[{"embeddable":true,"href":"https:\/\/www.turistamagazine.com\/v2\/index.php?rest_route=\/wp\/v2\/media\/69818"}],"wp:attachment":[{"href":"https:\/\/www.turistamagazine.com\/v2\/index.php?rest_route=%2Fwp%2Fv2%2Fmedia&parent=69817"}],"wp:term":[{"taxonomy":"category","embeddable":true,"href":"https:\/\/www.turistamagazine.com\/v2\/index.php?rest_route=%2Fwp%2Fv2%2Fcategories&post=69817"},{"taxonomy":"post_tag","embeddable":true,"href":"https:\/\/www.turistamagazine.com\/v2\/index.php?rest_route=%2Fwp%2Fv2%2Ftags&post=69817"}],"curies":[{"name":"wp","href":"https:\/\/api.w.org\/{rel}","templated":true}]}}