{"id":69796,"date":"2026-04-29T16:44:08","date_gmt":"2026-04-29T21:44:08","guid":{"rendered":"https:\/\/www.turistamagazine.com\/v2\/?p=69796"},"modified":"2026-04-29T16:44:08","modified_gmt":"2026-04-29T21:44:08","slug":"valiosas-ecuacion","status":"publish","type":"post","link":"https:\/\/www.turistamagazine.com\/v2\/?p=69796","title":{"rendered":"\u00abValiosas Ecuaci\u00f3n\u00bb"},"content":{"rendered":"<p style=\"text-align: center;\"><span style=\"color: #000080;\"><em><strong>Imagen referencial \/ Turistamagazine<\/strong><\/em><\/span><\/p>\n<p style=\"text-align: justify;\"><span style=\"color: #000080;\"><em><strong>Por Antero Flores-Araoz*<\/strong><\/em><\/span><\/p>\n<p style=\"text-align: justify;\"><span style=\"color: #000080;\"><em><strong>Lima\/29\/04\/2026.-Quienes creemos y deseamos un Per\u00fa mejor, con desarrollo, crecimiento y oportunidades para todos, tenemos el deber c\u00edvico y moral de difundir y defender la ecuaci\u00f3n clave para ello, que no es otra que <span style=\"color: #800080;\">\u201cinversi\u00f3n = trabajo, trabajo = bienestar\u201d.<\/span><\/strong><\/em><\/span><\/p>\n<p style=\"text-align: justify;\"><span style=\"color: #000080;\"><em><strong>Penosamente no lo hemos hecho, siendo ello sumamente grave pues hemos podido hacerlo y al no hacerlo el pa\u00eds se nos est\u00e1 yendo de las manos, dado que otras narrativas, aunque falsas, han tomado medios de expresi\u00f3n como tambi\u00e9n las redes sociales.<\/strong><\/em><\/span><\/p>\n<p style=\"text-align: justify;\"><span style=\"color: #000080;\"><em><strong>Las narrativas falaces a las que nos referimos, es que quienes son bendecidos por la fortuna, no hacen nada para que otros compatriotas, con carencias de todo tipo, reclamen con fuerza y pretendan que con actos contrarios a la tranquilidad p\u00fablica, quiten a los que tienen para distribuir a los que no tienen.<\/strong><\/em><\/span><\/p>\n<p style=\"text-align: justify;\"><span style=\"color: #000080;\"><em><strong>Lo grave del discurso de la siniestra, es que no se trata del compartir social-cristiano, sino quitarle a los que tiene para entregarlos a los que no tienen, con discursos de violencia social, a sabiendas que su discurso es falso y que con \u00e9l los pa\u00edses que tienen posibilidades de salir adelante con esfuerzos, preparaci\u00f3n y trabajo, <span style=\"color: #800080;\">pueden terminar como Cuba, Nicaragua y Venezuela, que les creyeron a los falsos profetas y terminan enriqueciendo a sus dictadores y empobreciendo a\u00fan m\u00e1s a sus pueblos.<\/span><\/strong><\/em><\/span><\/p>\n<p style=\"text-align: justify;\"><span style=\"color: #000080;\"><em><strong>Si tenemos la f\u00f3rmula ganadora o boleto premiado, no hay motivaci\u00f3n para no hacerla valer como se debe, haciendo de ella una narrativa exitosa que se lleve a la pr\u00e1ctica, previa difusi\u00f3n por todos los medios a nuestro alcance.<\/strong><\/em><\/span><\/p>\n<p style=\"text-align: justify;\"><span style=\"color: #000080;\"><em><strong>Algunos partidos, principalmente los que se sustentan en vigente doctrina pol\u00edtica y de antigua data, como son <span style=\"color: #800080;\">el PAP, el PPC y AP, asentados en la Social Democracia, el Social Cristianismo y el hacedor de obras,<\/span> lamentablemente perdieron su inscripci\u00f3n como agrupaciones pol\u00edticas, aunque pudiendo participar en las pr\u00f3ximas elecciones regionales y municipales, a partir del primero de enero del siguiente a\u00f1o, tendr\u00e1n que trabajar intensamente para recuperar su inscripci\u00f3n, pero mientras tanto al igual que algunos nuevos partidos de raigambre democr\u00e1tica, nada les impide difundir la ecuaci\u00f3n llamada al triunfo por ser la verdadera.<\/strong><\/em><\/span><\/p>\n<p style=\"text-align: justify;\"><span style=\"color: #000080;\"><em><strong>Todos los que creemos en un Per\u00fa mejor, pero para todos, tenemos el deber moral de difundir la ecuaci\u00f3n anteriormente aludida, para que cale en el Per\u00fa profundo, sobre todo en quienes en el Ande y en la Amazon\u00eda perdieron toda esperanza en un Estado que les brinde oportunidades de desarrollo.<\/strong><\/em><\/span><\/p>\n<p style=\"text-align: justify;\"><span style=\"color: #000080;\"><em><strong>Todos los ciudadanos de bien debemos colaborar con lo mencionado, pero si hay quienes no tienen tiempo para ello, sea porque est\u00e1n dedicados de pleno a otras actividades, como pueden ser los grandes negocios, siempre podr\u00e1n cooperar con recursos econ\u00f3micos, pues los desplazamientos y viajes al interior para catequizar pol\u00edticamente: cuestan, como tambi\u00e9n cuestan las escuelas de formaci\u00f3n pol\u00edtica y cuesta la difusi\u00f3n en radios y en otros medios de expresi\u00f3n de las ideas.<\/strong><\/em><\/span><\/p>\n<p style=\"text-align: justify;\"><span style=\"color: #000080;\"><em><strong>Ya en otras oportunidades hemos recordado el dicho de Roberto Ram\u00edrez del Villar, quien fuese lejano presidente del Poder Legislativo. <span style=\"color: #800080;\">El popular Boby nos dec\u00eda que el \u00f3rgano m\u00e1s sensible del empresario es la billetera<\/span>.\u00a0 Deber\u00edamos cambiar tal expresi\u00f3n en el sentido de que el \u00f3rgano m\u00e1s consciente y valiente del empresariado exitoso es su chequera. \u00a1De una vez, ayuden pues tambi\u00e9n son peruanos!<\/strong><\/em><\/span><\/p>\n<p style=\"text-align: justify;\"><span style=\"color: #000080;\"><em><strong>*Reconocido Jurista peruano. Ex Senador, Ex Diputado. Analista pol\u00edtico<\/strong><\/em><\/span><\/p>\n<p style=\"text-align: justify;\">\n","protected":false},"excerpt":{"rendered":"<p>Imagen referencial \/ Turistamagazine Por Antero Flores-Araoz* Lima\/29\/04\/2026.-Quienes creemos y deseamos un Per\u00fa mejor, con desarrollo, crecimiento y oportunidades para todos, tenemos el deber c\u00edvico y moral de difundir y defender la ecuaci\u00f3n clave para ello, que no es otra que \u201cinversi\u00f3n = trabajo, trabajo = bienestar\u201d. Penosamente no lo hemos hecho, siendo ello sumamente grave pues hemos podido hacerlo y al no hacerlo el pa\u00eds se nos est\u00e1 yendo de las manos, dado que otras narrativas, aunque falsas, han tomado medios de expresi\u00f3n como tambi\u00e9n las redes sociales. Las narrativas falaces a las que nos referimos, es que quienes&#8230;<\/p>\n","protected":false},"author":1,"featured_media":69797,"comment_status":"open","ping_status":"open","sticky":false,"template":"","format":"standard","meta":{"footnotes":""},"categories":[4,82,90],"tags":[11846,10219,13821,1956],"class_list":["post-69796","post","type-post","status-publish","format-standard","has-post-thumbnail","hentry","category-breaking-news","category-nacionales","category-pensando-en-voz-alta","tag-elenatejeradirectora","tag-semanarioturistamagazine","tag-valiosaecuacion","tag-antero-flores-araoz"],"_links":{"self":[{"href":"https:\/\/www.turistamagazine.com\/v2\/index.php?rest_route=\/wp\/v2\/posts\/69796","targetHints":{"allow":["GET"]}}],"collection":[{"href":"https:\/\/www.turistamagazine.com\/v2\/index.php?rest_route=\/wp\/v2\/posts"}],"about":[{"href":"https:\/\/www.turistamagazine.com\/v2\/index.php?rest_route=\/wp\/v2\/types\/post"}],"author":[{"embeddable":true,"href":"https:\/\/www.turistamagazine.com\/v2\/index.php?rest_route=\/wp\/v2\/users\/1"}],"replies":[{"embeddable":true,"href":"https:\/\/www.turistamagazine.com\/v2\/index.php?rest_route=%2Fwp%2Fv2%2Fcomments&post=69796"}],"version-history":[{"count":1,"href":"https:\/\/www.turistamagazine.com\/v2\/index.php?rest_route=\/wp\/v2\/posts\/69796\/revisions"}],"predecessor-version":[{"id":69798,"href":"https:\/\/www.turistamagazine.com\/v2\/index.php?rest_route=\/wp\/v2\/posts\/69796\/revisions\/69798"}],"wp:featuredmedia":[{"embeddable":true,"href":"https:\/\/www.turistamagazine.com\/v2\/index.php?rest_route=\/wp\/v2\/media\/69797"}],"wp:attachment":[{"href":"https:\/\/www.turistamagazine.com\/v2\/index.php?rest_route=%2Fwp%2Fv2%2Fmedia&parent=69796"}],"wp:term":[{"taxonomy":"category","embeddable":true,"href":"https:\/\/www.turistamagazine.com\/v2\/index.php?rest_route=%2Fwp%2Fv2%2Fcategories&post=69796"},{"taxonomy":"post_tag","embeddable":true,"href":"https:\/\/www.turistamagazine.com\/v2\/index.php?rest_route=%2Fwp%2Fv2%2Ftags&post=69796"}],"curies":[{"name":"wp","href":"https:\/\/api.w.org\/{rel}","templated":true}]}}