{"id":69784,"date":"2026-04-26T18:00:10","date_gmt":"2026-04-26T23:00:10","guid":{"rendered":"https:\/\/www.turistamagazine.com\/v2\/?p=69784"},"modified":"2026-04-26T18:01:32","modified_gmt":"2026-04-26T23:01:32","slug":"eres-un-mal-fotografo-pues-tu-futuro-esta-en-islandia","status":"publish","type":"post","link":"https:\/\/www.turistamagazine.com\/v2\/?p=69784","title":{"rendered":"\u00bfEres un mal fot\u00f3grafo?: Pues tu futuro est\u00e1 en\u00a0 Islandia"},"content":{"rendered":"<p style=\"text-align: justify;\"><span style=\"color: #333399;\"><em><strong>\u00ab\u00bfEres de los que le cortan la cabeza a la gente en las fotos o de los que sacan el dedo en el lente? \u00a1Felicidades, podr\u00edas ser rico en Islandia!\u00bb<\/strong><\/em><\/span><\/p>\n<p style=\"text-align: justify;\"><span style=\"color: #333399;\"><em><strong>Islandia\/26\/04\/2026.-Una aerol\u00ednea islandesa busca a los \u00abpeores fot\u00f3grafos\u00bb para participar de una experiencia \u00fanica en uno de los destinos m\u00e1s impactantes del mundo. \u201cQueremos demostrar que incluso el peor fot\u00f3grafo puede tomar fotos incre\u00edbles de Islandia. \u00bfEres uno de ellos?\u201d, plantea la convocatoria en su p\u00e1gina web.<\/strong><\/em><\/span><\/p>\n<p style=\"text-align: justify;\"><span style=\"color: #333399;\"><em><strong>La aerol\u00ednea de bandera busca dar con una persona sin experiencia en fotograf\u00eda para poner a prueba la belleza natural del pa\u00eds europeo y evidenciar que sus paisajes son tan imponentes que cualquiera, sin importar su nivel de habilidad, puede capturar im\u00e1genes sorprendentes.<\/strong><\/em><\/span><\/p>\n<p style=\"text-align: justify;\"><span style=\"color: #333399;\"><em><strong>Islandia: c\u00f3mo participar de la convocatoria y qu\u00e9 incluye el premio<\/strong><\/em><\/span><\/p>\n<p style=\"text-align: justify;\"><span style=\"color: #333399;\"><em><strong>A quien sea seleccionado, la aerol\u00ednea Icelandair le regalar\u00e1 un viaje de 10 d\u00edas por Islandia, con todos los gastos cubiertos, y una compensaci\u00f3n de 50.000 d\u00f3lares a cambio de la participaci\u00f3n, la generaci\u00f3n de contenido y los derechos de uso de las fotograf\u00edas.<\/strong><\/em><\/span><\/p>\n<p style=\"text-align: justify;\"><span style=\"color: #333399;\"><em><strong>Las im\u00e1genes formar\u00e1n parte de una estrategia publicitaria y podr\u00edan aparecer en publicaciones de redes sociales y exposiciones. \u201cTus fotos podr\u00edan aparecer en una campa\u00f1a global, as\u00ed que tambi\u00e9n podr\u00edas alcanzar la fama\u201d, destacan desde la compa\u00f1\u00eda.<\/strong><\/em><\/span><\/p>\n<p style=\"text-align: justify;\"><span style=\"color: #333399;\"><em><strong>Para postularse, los interesados deben inscribirse a trav\u00e9s de la pagina web de la empresa. Deber\u00e1n responder seis preguntas simples y, de manera opcional, sumar un video de hasta 60 segundos en el que expliquen por qu\u00e9 su \u201cfalta de habilidad\u201d fotogr\u00e1fica los convierte en el candidato ideal. Las inscripciones est\u00e1n abiertas hasta el 30 de abril de 2026.<\/strong><\/em><\/span><\/p>\n<p style=\"text-align: justify;\"><span style=\"color: #333399;\"><em><strong>Entre los requisitos figuran: tener al menos 21 a\u00f1os, contar con pasaporte vigente y antecedentes penales limpios, \u00absentirte c\u00f3modo practicando senderismo y desplaz\u00e1ndote por terrenos irregulares en paisajes espectaculares\u00bb y disponibilidad para viajar durante 10 d\u00edas en junio de 2026.<\/strong><\/em><\/span><\/p>\n<p style=\"text-align: justify;\"><span style=\"color: #333399;\"><em><strong>Adem\u00e1s, se exige permiso para ingresar a Islandia, Reino Unido y Estados Unidos, ya que se trata de una campa\u00f1a internacional. El viaje se realizar\u00e1 en junio, en plena temporada de verano europeo, considerada una de las mejores \u00e9pocas para recorrer el pa\u00eds.<\/strong><\/em><\/span><\/p>\n<p style=\"text-align: justify;\"><span style=\"color: #333399;\"><em><strong>Entre los principales atractivos de Islandia se destacan el C\u00edrculo Dorado, que incluye lugares emblem\u00e1ticos como Gullfoss, Geysir y Parque Nacional Thingvellir; las cascadas Sk\u00f3gafoss y Seljalandsfoss; la laguna glaciar J\u00f6kuls\u00e1rl\u00f3n y la playa de arena negra Reynisfjara. Otros imperdibles son la Laguna Azul, las auroras boreales sobre la cascada Hraunfossar y el imponente glaciar Vatnaj\u00f6kull.<\/strong><\/em><\/span><\/p>\n<p>F\/Clar\u00edn<\/p>\n","protected":false},"excerpt":{"rendered":"<p>\u00ab\u00bfEres de los que le cortan la cabeza a la gente en las fotos o de los que sacan el dedo en el lente? \u00a1Felicidades, podr\u00edas ser rico en Islandia!\u00bb Islandia\/26\/04\/2026.-Una aerol\u00ednea islandesa busca a los \u00abpeores fot\u00f3grafos\u00bb para participar de una experiencia \u00fanica en uno de los destinos m\u00e1s impactantes del mundo. \u201cQueremos demostrar que incluso el peor fot\u00f3grafo puede tomar fotos incre\u00edbles de Islandia. \u00bfEres uno de ellos?\u201d, plantea la convocatoria en su p\u00e1gina web. La aerol\u00ednea de bandera busca dar con una persona sin experiencia en fotograf\u00eda para poner a prueba la belleza natural del pa\u00eds europeo&#8230;<\/p>\n","protected":false},"author":1,"featured_media":69785,"comment_status":"open","ping_status":"open","sticky":false,"template":"","format":"standard","meta":{"footnotes":""},"categories":[4,84,1509],"tags":[13818,11846,10219,7471,2627],"class_list":["post-69784","post","type-post","status-publish","format-standard","has-post-thumbnail","hentry","category-breaking-news","category-internacionales","category-turiscasos-2","tag-elpeorfotografo","tag-elenatejeradirectora","tag-semanarioturistamagazine","tag-elenita-villar-asesora-de-tesis-en-turismo","tag-islandia"],"_links":{"self":[{"href":"https:\/\/www.turistamagazine.com\/v2\/index.php?rest_route=\/wp\/v2\/posts\/69784","targetHints":{"allow":["GET"]}}],"collection":[{"href":"https:\/\/www.turistamagazine.com\/v2\/index.php?rest_route=\/wp\/v2\/posts"}],"about":[{"href":"https:\/\/www.turistamagazine.com\/v2\/index.php?rest_route=\/wp\/v2\/types\/post"}],"author":[{"embeddable":true,"href":"https:\/\/www.turistamagazine.com\/v2\/index.php?rest_route=\/wp\/v2\/users\/1"}],"replies":[{"embeddable":true,"href":"https:\/\/www.turistamagazine.com\/v2\/index.php?rest_route=%2Fwp%2Fv2%2Fcomments&post=69784"}],"version-history":[{"count":1,"href":"https:\/\/www.turistamagazine.com\/v2\/index.php?rest_route=\/wp\/v2\/posts\/69784\/revisions"}],"predecessor-version":[{"id":69786,"href":"https:\/\/www.turistamagazine.com\/v2\/index.php?rest_route=\/wp\/v2\/posts\/69784\/revisions\/69786"}],"wp:featuredmedia":[{"embeddable":true,"href":"https:\/\/www.turistamagazine.com\/v2\/index.php?rest_route=\/wp\/v2\/media\/69785"}],"wp:attachment":[{"href":"https:\/\/www.turistamagazine.com\/v2\/index.php?rest_route=%2Fwp%2Fv2%2Fmedia&parent=69784"}],"wp:term":[{"taxonomy":"category","embeddable":true,"href":"https:\/\/www.turistamagazine.com\/v2\/index.php?rest_route=%2Fwp%2Fv2%2Fcategories&post=69784"},{"taxonomy":"post_tag","embeddable":true,"href":"https:\/\/www.turistamagazine.com\/v2\/index.php?rest_route=%2Fwp%2Fv2%2Ftags&post=69784"}],"curies":[{"name":"wp","href":"https:\/\/api.w.org\/{rel}","templated":true}]}}