{"id":69765,"date":"2026-04-26T11:04:47","date_gmt":"2026-04-26T16:04:47","guid":{"rendered":"https:\/\/www.turistamagazine.com\/v2\/?p=69765"},"modified":"2026-04-26T11:57:47","modified_gmt":"2026-04-26T16:57:47","slug":"la-evolucion-del-color-38-anos-de-mirada-propia-en-turistamagazine","status":"publish","type":"post","link":"https:\/\/www.turistamagazine.com\/v2\/?p=69765","title":{"rendered":"\u00abLa evoluci\u00f3n del color: 38 a\u00f1os de mirada propia en Turistamagazine\u00bb"},"content":{"rendered":"<p style=\"text-align: justify;\"><em><span style=\"color: #000080;\"><strong>\u00ab38 a\u00f1os de historias, 17 a\u00f1os digitales y una vida de aprendizaje. Hoy mi imagen cambia para reflejar la madurez y la fe con la que sigo mirando el futuro. Gracias por ser parte de este viaje en Turistamagazine.\u00bb<\/strong><\/span><\/em><\/p>\n<p style=\"text-align: justify;\"><em><span style=\"color: #000080;\"><strong><a href=\"https:\/\/www.turistamagazine.com\/v2\/wp-content\/uploads\/2026\/04\/Elenita-natural-4.jpg\"><img decoding=\"async\" class=\"alignleft wp-image-69769 size-thumbnail\" src=\"https:\/\/www.turistamagazine.com\/v2\/wp-content\/uploads\/2026\/04\/Elenita-natural-4-150x150.jpg\" alt=\"\" width=\"150\" height=\"150\" \/><\/a>Donde todo comenz\u00f3: La magia entre el blanco y el negro. <\/strong><\/span><\/em><em><span style=\"color: #000080;\"><strong>Cu\u00e1ndo Turista en el Per\u00fa y el Mundo naci\u00f3 hace 38 a\u00f1os en papel, nos dijeron que el blanco y negro no era \u00abnegociable\u00bb en el turismo. Nuestra respuesta fue que entre ambos polos existe una gama infinita de colores por descubrir. Ten\u00edamos raz\u00f3n: la verdadera riqueza nunca estuvo en el brillo del papel, sino en la honestidad de la mirada. Aquel inicio humilde fue nuestra primera lecci\u00f3n: para ver el mundo de verdad, hay que aprender a observar los matices. <span style=\"color: #800080;\">\u00abTuristamagazineDestinos\u00bb cambia de piel, pero su alma \u2014esa que busca la verdad entre el blanco y el negro\u2014 sigue intacta.<\/span><\/strong><\/span><\/em><\/p>\n<p style=\"text-align: justify;\"><em><span style=\"color: #000080;\"><strong>No podemos empezar esta evocaci\u00f3n sin rendir un justo reconocimiento a nuestro Maestro, ese Se\u00f1or del periodismo tur\u00edstico, el Dr. Hern\u00e1n Villar, fundador de nuestra querida Revista Turista y recordado como el \u00abQuijote del Turismo\u00bb, su mirada fue siempre nuestro norte:\u00a0\u201cservimos al Turismo, y no nos servimos de \u00e9l\u201d. Hoy, el Dr. Villar ha trascendido a la inmortalidad de los que abren caminos, permaneciendo vivo en cada p\u00e1gina y en la \u00e9tica con la que honramos su legado.\u00bb<\/strong><\/span><\/em><\/p>\n<p style=\"text-align: justify;\"><span style=\"color: #800080;\"><em><strong>El compromiso de aprender para servir mejor<\/strong><\/em><\/span><\/p>\n<p style=\"text-align: justify;\"><em><span style=\"color: #000080;\"><strong>Hoy, tras 50 ediciones f\u00edsicas y casi 17 a\u00f1os de nuestra iniciativa \u00a0de crear <span style=\"color: #800080;\">\u201cTuristamagazineDestinos\u00bb<\/span>\u00a0 en este mundo digital, miramos hacia atr\u00e1s y pensamos \u201ccu\u00e1nta agua ha corrido bajo el puente\u201d. Durante todo este tiempo, la revista y nosotros hemos caminado de la mano. Sentimos muy pronto que, para ser dignos de la confianza de nuestros lectores, no pod\u00edamos quedarnos detenidos en el tiempo; ten\u00edamos la obligaci\u00f3n de prepararnos cada d\u00eda m\u00e1s por respeto a ustedes. As\u00ed, que casi sin darnos cuenta, nuestra vida se convirti\u00f3 en un aprendizaje constante.<\/strong><\/span><\/em><\/p>\n<p style=\"text-align: justify;\"><em><span style=\"color: #000080;\"><strong>Ese deseo de ofrecerles lo mejor nos llev\u00f3 a las aulas una y otra vez. Fuimos sumando estudios, desde la licenciatura hasta postgrados y diplomados, no por el af\u00e1n de acumular diplomas, sino por el profundo respeto que le tenemos a esta profesi\u00f3n. Cada nueva herramienta acad\u00e9mica nos permit\u00eda entender un poco mejor este mundo tan complejo. Incluso el aprendizaje de idiomas naci\u00f3 de esa misma necesidad: la de escuchar y leer algunos autores en su propia lengua, eliminando barreras para traerles una informaci\u00f3n m\u00e1s humana y directa.<\/strong><\/span><\/em><\/p>\n<p style=\"text-align: justify;\"><span style=\"color: #800080;\"><em><strong>Las lecciones que no se encuentran en los libros<\/strong><\/em><\/span><\/p>\n<p style=\"text-align: justify;\"><em><span style=\"color: #000080;\"><strong>Los viajes han sido nuestra otra gran escuela. En cada destino, m\u00e1s que buscar la foto perfecta, buscamos entender el alma de los lugares. Hemos tenido la suerte de recibir reconocimientos en este camino, gestos que agradecemos de coraz\u00f3n, que siempre hemos recibido con humildad convencidos que nunca se termina de aprender. Para nosotros, un reconocimiento \u00a0es un recordatorio que debemos seguir investigando para no defraudarlos.<\/strong><\/span><\/em><\/p>\n<p style=\"text-align: justify;\"><em><span style=\"color: #000080;\"><strong><span style=\"color: #800080;\">La \u00a0vida,\u00a0 no se aprende s\u00f3lo en los libros o en los aviones.<\/span><\/strong><\/span><\/em><\/p>\n<p style=\"text-align: justify;\"><em><span style=\"color: #000080;\"><strong> En estos 38 a\u00f1os tambi\u00e9n hemos superado pruebas muy dif\u00edciles, como todos Uds. Hemos tenido naturalmente muchas satisfacciones, igualmente \u00a0p\u00e9rdidas que han dejado profundas huellas en nuestra alma. Esas huellas son, quiz\u00e1, nuestro t\u00edtulo m\u00e1s valioso. Hemos aprendido que el verdadero saber no est\u00e1 en la mente, sino en la capacidad de aceptar \u00a0los golpes de la vida y transformarlos en saberes, en empat\u00eda y en una paz que antes no se ten\u00eda. Comprender que la verdadera maestr\u00eda es saber levantarse con m\u00e1s luz despu\u00e9s de cada ca\u00edda.<\/strong><\/span><\/em><\/p>\n<p style=\"text-align: justify;\"><span style=\"color: #800080;\"><em><strong>Una nueva mirada para el camino que sigue<\/strong><\/em><\/span><br \/>\n<em><span style=\"color: #000080;\"><strong>Este lunes notaran un cambio:\u00a0estrenamos nueva imagen personal. Decidimos cambiar la foto que nos ha acompa\u00f1ado por m\u00e1s de una d\u00e9cada. Lo hacemos porque la imagen anterior ya no nos representaba del todo. La foto que ven ahora es lo que somos hoy: alguien que ha caminado mucho, que ha estudiado con disciplina, pero que, sobre todo, ha aprendido a mirar la vida con m\u00e1s serenidad y menos prisa.<\/strong><\/span><\/em><\/p>\n<p style=\"text-align: justify;\"><em><span style=\"color: #000080;\"><strong>Es una imagen que refleja una gratitud inmensa hacia todos ustedes. Seguimos mirando hacia adelante con la misma fe del primer d\u00eda, pero con la tranquilidad que da el haber trabajado siempre desde el coraz\u00f3n.\u00a0<\/strong><\/span><\/em><\/p>\n<p style=\"text-align: justify;\"><em><span style=\"color: #000080;\"><strong>Gracias por permitirnos crecer junto a ustedes. Gracias por entender que, aunque el mundo se haya vuelto un lugar convulso, mientras tengamos el coraz\u00f3n despierto y la conciencia tranquila, siempre habr\u00e1 un motivo para seguir adelante.<\/strong><\/span><\/em><\/p>\n<p style=\"text-align: justify;\"><em><span style=\"color: #000080;\"><strong>De acuerdo al mito griego de la caja de <span style=\"color: #800080;\">Pandora La\u00a0Esperanza<\/span>\u00a0es ese \u00faltimo tesoro que nos cuida y nos impulsa. \u00a0Confiando en ese mito, Dios mediante nos leemos el pr\u00f3ximo lunes, con una nueva mirada y el cari\u00f1o de siempre.<\/strong><\/span><\/em><\/p>\n<p style=\"text-align: right;\"><em><span style=\"color: #000080;\"><strong>Elena Tejera<\/strong><\/span><\/em><\/p>\n<p style=\"text-align: right;\"><em><span style=\"color: #000080;\"><strong>Directora<\/strong><\/span><\/em><\/p>\n<p style=\"text-align: right;\"><em><span style=\"color: #000080;\"><strong>Master en Turismo y Comunicaci\u00f3n<\/strong><\/span><\/em><\/p>\n<p><a href=\"https:\/\/www.turistamagazine.com\/v2\/wp-content\/uploads\/2026\/04\/Logo2026.jpg\"><img decoding=\"async\" class=\"wp-image-69766 aligncenter\" src=\"https:\/\/www.turistamagazine.com\/v2\/wp-content\/uploads\/2026\/04\/Logo2026.jpg\" alt=\"\" width=\"500\" height=\"163\" srcset=\"https:\/\/www.turistamagazine.com\/v2\/wp-content\/uploads\/2026\/04\/Logo2026.jpg 700w, https:\/\/www.turistamagazine.com\/v2\/wp-content\/uploads\/2026\/04\/Logo2026-300x98.jpg 300w, https:\/\/www.turistamagazine.com\/v2\/wp-content\/uploads\/2026\/04\/Logo2026-610x199.jpg 610w\" sizes=\"(max-width: 500px) 100vw, 500px\" \/><\/a><\/p>\n","protected":false},"excerpt":{"rendered":"<p>\u00ab38 a\u00f1os de historias, 17 a\u00f1os digitales y una vida de aprendizaje. Hoy mi imagen cambia para reflejar la madurez y la fe con la que sigo mirando el futuro. Gracias por ser parte de este viaje en Turistamagazine.\u00bb Donde todo comenz\u00f3: La magia entre el blanco y el negro. Cu\u00e1ndo Turista en el Per\u00fa y el Mundo naci\u00f3 hace 38 a\u00f1os en papel, nos dijeron que el blanco y negro no era \u00abnegociable\u00bb en el turismo. Nuestra respuesta fue que entre ambos polos existe una gama infinita de colores por descubrir. Ten\u00edamos raz\u00f3n: la verdadera riqueza nunca estuvo en&#8230;<\/p>\n","protected":false},"author":1,"featured_media":0,"comment_status":"open","ping_status":"open","sticky":false,"template":"","format":"standard","meta":{"footnotes":""},"categories":[345,4,84],"tags":[13814,11846,10219,7471],"class_list":["post-69765","post","type-post","status-publish","format-standard","hentry","category-editorial","category-breaking-news","category-internacionales","tag-38anosdeturistamagazine","tag-elenatejeradirectora","tag-semanarioturistamagazine","tag-elenita-villar-asesora-de-tesis-en-turismo"],"_links":{"self":[{"href":"https:\/\/www.turistamagazine.com\/v2\/index.php?rest_route=\/wp\/v2\/posts\/69765","targetHints":{"allow":["GET"]}}],"collection":[{"href":"https:\/\/www.turistamagazine.com\/v2\/index.php?rest_route=\/wp\/v2\/posts"}],"about":[{"href":"https:\/\/www.turistamagazine.com\/v2\/index.php?rest_route=\/wp\/v2\/types\/post"}],"author":[{"embeddable":true,"href":"https:\/\/www.turistamagazine.com\/v2\/index.php?rest_route=\/wp\/v2\/users\/1"}],"replies":[{"embeddable":true,"href":"https:\/\/www.turistamagazine.com\/v2\/index.php?rest_route=%2Fwp%2Fv2%2Fcomments&post=69765"}],"version-history":[{"count":3,"href":"https:\/\/www.turistamagazine.com\/v2\/index.php?rest_route=\/wp\/v2\/posts\/69765\/revisions"}],"predecessor-version":[{"id":69772,"href":"https:\/\/www.turistamagazine.com\/v2\/index.php?rest_route=\/wp\/v2\/posts\/69765\/revisions\/69772"}],"wp:attachment":[{"href":"https:\/\/www.turistamagazine.com\/v2\/index.php?rest_route=%2Fwp%2Fv2%2Fmedia&parent=69765"}],"wp:term":[{"taxonomy":"category","embeddable":true,"href":"https:\/\/www.turistamagazine.com\/v2\/index.php?rest_route=%2Fwp%2Fv2%2Fcategories&post=69765"},{"taxonomy":"post_tag","embeddable":true,"href":"https:\/\/www.turistamagazine.com\/v2\/index.php?rest_route=%2Fwp%2Fv2%2Ftags&post=69765"}],"curies":[{"name":"wp","href":"https:\/\/api.w.org\/{rel}","templated":true}]}}