{"id":6959,"date":"2014-08-25T10:56:44","date_gmt":"2014-08-25T15:56:44","guid":{"rendered":"http:\/\/www.turistamagazine.com\/v2\/?p=6959"},"modified":"2014-08-25T10:56:44","modified_gmt":"2014-08-25T15:56:44","slug":"antero-flores-araos-candidato-a-la-presidencia-el-2016","status":"publish","type":"post","link":"https:\/\/www.turistamagazine.com\/v2\/?p=6959","title":{"rendered":"ANTERO FLORES ARAOS CANDIDATO A LA PRESIDENCIA EL 2016"},"content":{"rendered":"<p><span style=\"color: #000080;\"><strong><em>Nuestro invitado de la entrevista es el Dr. Antero Flores Araos quien ha presentado ante el Jurado Nacional de \u00a0Elecciones su partido ORDEN\u00a0 que ha cumplido con todas las exigencias del organismo Electoral , con lo cual ya se est\u00e1 trabajando para lograr los objetivos planteados para su candidatura a la presidencia del Per\u00fa \u00a0en el 2016<\/em><\/strong><\/span><\/p>\n<p>&nbsp;<\/p>\n<p><strong><span style=\"color: #000080;\">TM<\/span><\/strong>.-\u00a0<strong><em><span style=\"color: #000080;\">\u00a0\u00bfQu\u00e9 significa ORDEN? ya que suponemos son siglas que explican algo.<\/span><\/em><\/strong><\/p>\n<p style=\"text-align: justify;\"><strong>AFA.-<\/strong>\u00a0 Algunos creen que ORDEN es la sigla de un conjunto de palabras.\u00a0 Error, ORDEN es el nombre de nuestro Partido, simple, sencillo, directo y al grano.\u00a0 Orden es lo que queremos para el Per\u00fa y es lo que reclama la gente com\u00fan y corriente, que sabe que si es que no existe orden tampoco habr\u00e1 desarrollo y menos a\u00fan bienestar general.\u00a0 Hicimos focus group en todo el Per\u00fa y en algunas de nuestras comunidades peruanas en el exterior, y todos, en diferentes formas de expresarlo clamaban por orden, por tranquilidad, por cumplimiento de la ley y respeto a los dem\u00e1s.\u00a0 Por eso es que apostamos por el orden.<\/p>\n<p style=\"text-align: justify;\"><span style=\"color: #000080;\"><strong><em>TM.-\u00a0No es un secreto para nadie que Antero Flores Araos\u00a0 lanzar\u00e1s su candidatura para la presidencia al 2016, como especialista en Marketing siempre para escoger o posicionar\u00a0 un producto, en este caso el producto eres t\u00fa, \u00a0el producto debe diferenciarse de los dem\u00e1s \u00bfPor qu\u00e9 tendr\u00edamos que votar por Antero Flores Araos\u00a0 ?<\/em><\/strong><\/span><\/p>\n<p style=\"text-align: justify;\"><strong>AFA.- ORDEN<\/strong> no es \u00fanicamente Antero, que si bien es el fundador primigenio, est\u00e1 presidiendo un enorme grupo de personas en el Per\u00fa y en el exterior que se cansaron del desorden, del caos existente, de la falta de seguridad que atenta contra la inversi\u00f3n generadora de trabajo.\u00a0 Este grupo humano a diferencia de los dem\u00e1s nunca ha ofrecido nada de lo que no pueda cumplir, y en este caso m\u00e1s que ofrecer le estamos reclamando al ciudadano que cumpla con sus obligaciones c\u00edvicas y legales.\u00a0 No le puede pedir al Estado sus derechos, si es que no cumple con sus obligaciones.\u00a0 Adem\u00e1s en todos los cargos que he tenido en la funci\u00f3n p\u00fablica, siempre he cumplido.\u00a0 Puedo demostrar preparaci\u00f3n, haber escalado por los diversos pelda\u00f1os del poder, as\u00ed como m\u00edstica de servicio.\u00a0 A las pruebas me remito.<\/p>\n<p style=\"text-align: justify;\"><strong><em><span style=\"color: #000080;\">TM.-\u00a0\u00bfPorque la gente tendr\u00eda que confiar en tus promesas?, y no pensar que eres un pol\u00edtico m\u00e1s que ofrece como \u201cnovio enamorado y cumple menos que marido aburrido\u201d<\/span><\/em><\/strong><\/p>\n<p style=\"text-align: justify;\"><strong>AFA.-<\/strong>Porque como he se\u00f1alado, antes de ofrecer, exigimos al ciudadanos que cumpla con el Per\u00fa, y porque la ejecutoria que podemos mostrar, es que siempre se ha cumplido.<\/p>\n<p style=\"text-align: justify;\"><em><strong><span style=\"color: #000080;\">TM.-\u00a0\u00a0Antero Flores Araos\u00a0 es un pol\u00edtico de gran experiencia, y siempre ha dicho que es muy f\u00e1cil prometer, pero lo importante es decir el como el cu\u00e1ndo y de d\u00f3nde. \u00bfQu\u00e9 nos puedes responder respecto a esa inquietud, ya que\u00a0 nuestro pueblo, se puede comer el s\u00e1ndwich,\u00a0 aceptar el polito y llavero con el nombre del candidato, pero finalmente vota\u00a0 por el menos malo, supuestamente \u00bfQu\u00e9 har\u00eda Antero Flores Araos\u00a0 para revertir esa tendencia?<\/span><\/strong><\/em><\/p>\n<p style=\"text-align: justify;\"><strong>AFA.-<\/strong> Tenemos que ense\u00f1arle al soberano que es el pueblo.\u00a0 Decencia y docencia pol\u00edtica.\u00a0 <em>La campa\u00f1a no puede ser el bailecito ni la cerveza, son ideas, son propuestas pero con respeto y sin insultos.\u00a0 Estamos haciendo pol\u00edtica diferente y basada en tres ejes.\u00a0 El primero incidir en que el ciudadanos debe cumplir con sus deberes c\u00edvicos frente al Estado.\u00a0 El segundo que los programas sociales deben tener contenido productivo, pues de lo contrario ser\u00e1n solamente beneficentes, sin respeto a la dignidad de las personas. El tercero es la meta de elevar los niveles de vida de la poblaci\u00f3n, para lo cual hay que generar trabajo digno y sostenible, que s\u00f3lo se logra si hay inversi\u00f3n, y para que haya inversi\u00f3n tiene que haber tranquilidad interna, orden, estabilidad normativa y predectibilidad tributaria.<\/em><\/p>\n<p style=\"text-align: justify;\"><em><span style=\"color: #000080;\"><strong>TM.-\u00a0\u00a0Tus contendores pol\u00edticos, porque habr\u00e1n muchos candidatos como siempre por la presidencia, ya que todos quieren trabajar en favor del pa\u00eds, dir\u00e1n que ya tuviste la oportunidad de demostrar tus cualidades y potencialidades, fuiste fundador\u00a0 y presidente del PPC pero\u00a0 fuiste Ministro de Defensa del Per\u00fa del gobierno \u00a0de \u00a0Alan Garcia, partido completamente opuesto a los postulados del PPC, \u00bfNo crees que esos cambios tan radicales te puedan jugar en contra?\u00a0<\/strong><\/span><\/em> .<\/p>\n<p style=\"text-align: justify;\"><strong>AFA.<\/strong>&#8211;\u00a0 Al \u00fanico partido que he pertenecido antes de fundar ORDEN es al PPC, del que me vi precisado a salir pues la dirigencia de aquel entonces no aceptaba discrepancias, olvidando que en los partidos hay sectores, vertientes y alas.\u00a0 Felizmente la actual dirigencia del PPC no tiene esos limitantes y hasta hemos presentado al mismo candidato en com\u00fan a la Presidencia de la Regi\u00f3n Lambayeque.<strong><span style=\"color: #000080;\"><em> Cuando fui ministro no estaba en partido alguno y no ten\u00eda ning\u00fan impedimento para aceptarlo, y por lo dem\u00e1s fue el APRA quien m\u00e1s se faj\u00f3 por mi candidatura en dos ocasiones a la Presidencia del Congreso.\u00a0 Soy respetuoso de todos los partidos, y especialmente del APRA del cual mi pap\u00e1 fue militante.<\/em><\/span><\/strong><\/p>\n<p style=\"text-align: justify;\">Por otro lado hoy no hay mayores diferencias ideol\u00f3gicas entre los partidos, m\u00e1s bien hay \u00fanicamente matices.<\/p>\n<p style=\"text-align: justify;\"><span style=\"color: #000080;\"><em><strong>TM.-\u00a0\u00a0Como especialistas en turismo, nos interesa saber \u00bfCu\u00e1l es tu opini\u00f3n acerca de la actividad tur\u00edstica? ya que fuimos testigos de una reuni\u00f3n convocada por Canatur a los candidatos para las elecciones del\u00a0 2011 y nos dimos cuenta por sus respuestas que no ten\u00edan una idea clara de lo que significaba el turismo en el PBI del pa\u00eds, incluso Humala ofreci\u00f3 un Ministerio de Turismo hasta ahora lo estamos esperando.<\/strong><\/em><\/span><\/p>\n<p style=\"text-align: justify;\"><strong>AFA.-<\/strong> El Per\u00fa tiene infinidad de atractivos tur\u00edsticos, en costa tiene playas, en sierra tiene los paisajes m\u00e1s lindos del mundo, y adicionalmente tiene la selva amaz\u00f3nica.\u00a0 En lo cultural puede mostrar culturas milenarias, as\u00ed como la monumentalidad de la \u00e9poca colonial y principios de la republicana.\u00a0 Lo que necesitamos es dar a conocer otras opciones que no sea \u00fanicamente Machu Pichu, <em><strong><span style=\"color: #000080;\">y debemos mejorar la infraestructura carretera, ferrocarrillera, hospedajes c\u00f3modos en todo el pa\u00eds.\u00a0 Hay que tratar bien al turista para que regrese.\u00a0 La gastronom\u00eda es importante, pero no basta.\u00a0 El turismo hay que verlo como un todo integral.<\/span><\/strong><\/em><\/p>\n<p style=\"text-align: justify;\"><em><strong><span style=\"color: #000080;\">Ahora bien, en lo que se refiere al Ministerio de Turismo,\u00a0 no se los deseo, cada vez que hacen un nuevo ministerio lo \u00fanico que logran es m\u00e1s burocracia, m\u00e1s formularios y m\u00e1s tr\u00e1mites.\u00a0 Pi\u00e9nsenlo bien, el Estado hasta ahora poco o nada ha ayudado al turismo.<\/span><\/strong><\/em><\/p>\n<p style=\"text-align: justify;\"><span style=\"color: #000080;\"><strong><em>TM.-Si llegara a la presidencia Antero Flores Araos\u00a0 en el 2016, \u00bfQue contempla en su \u00a0plan de gobierno para que el Per\u00fa reciba la cantidad de turistas que sus atractivos amerita?<\/em><\/strong><\/span><\/p>\n<p style=\"text-align: justify;\"><strong>AFA.-<\/strong> Juntar la actividad privada con la p\u00fablica, promoviendo en el extranjero la marca Per\u00fa para el turismo, y asistiendo a cuanto festival, congreso, y evento de promoci\u00f3n tur\u00edstica exista.\u00a0 Lo que no se marketea no existe.<\/p>\n<p style=\"text-align: justify;\"><span style=\"color: #000080;\"><strong><em>TM.-Saliendo de lo pol\u00edtico, queremos conocer al Antero como ser humano. \u00bfQu\u00e9 hace feliz a Antero Flores Araos?\u00a0 <\/em><\/strong><\/span><\/p>\n<p style=\"text-align: justify;\"><strong>AFA.<\/strong>&#8211;<strong><span style=\"color: #000080;\">\u00a0<em>La verdad soy persona de hogar, feliz en mi matrimonio y con mis hijas, hijos pol\u00edticos y nietos, y disfrutando de la compa\u00f1\u00eda de mis amigos.\u00a0 Me siento realizado cuando percibo la elevaci\u00f3n del nivel de vida de mis compatriotas.\u00a0 Uno no puede quedarse aislado solo en el hogar, vive en sociedad y tiene que ayudar a que ella avance.<\/em><\/span><\/strong><\/p>\n<p style=\"text-align: justify;\"><strong>EV.<\/strong><\/p>\n","protected":false},"excerpt":{"rendered":"<p>Nuestro invitado de la entrevista es el Dr. Antero Flores Araos quien ha presentado ante el Jurado Nacional de \u00a0Elecciones su partido ORDEN\u00a0 que ha cumplido con todas las exigencias del organismo Electoral , con lo cual ya se est\u00e1 trabajando para lograr los objetivos planteados para su candidatura a la presidencia del Per\u00fa \u00a0en el 2016 &nbsp; TM.-\u00a0\u00a0\u00bfQu\u00e9 significa ORDEN? ya que suponemos son siglas que explican algo. AFA.-\u00a0 Algunos creen que ORDEN es la sigla de un conjunto de palabras.\u00a0 Error, ORDEN es el nombre de nuestro Partido, simple, sencillo, directo y al grano.\u00a0 Orden es lo que&#8230;<\/p>\n","protected":false},"author":1,"featured_media":0,"comment_status":"open","ping_status":"open","sticky":false,"template":"","format":"standard","meta":{"footnotes":""},"categories":[94],"tags":[1956,2649],"class_list":["post-6959","post","type-post","status-publish","format-standard","hentry","category-entrevistas","tag-antero-flores-araoz","tag-partido-orden"],"_links":{"self":[{"href":"https:\/\/www.turistamagazine.com\/v2\/index.php?rest_route=\/wp\/v2\/posts\/6959","targetHints":{"allow":["GET"]}}],"collection":[{"href":"https:\/\/www.turistamagazine.com\/v2\/index.php?rest_route=\/wp\/v2\/posts"}],"about":[{"href":"https:\/\/www.turistamagazine.com\/v2\/index.php?rest_route=\/wp\/v2\/types\/post"}],"author":[{"embeddable":true,"href":"https:\/\/www.turistamagazine.com\/v2\/index.php?rest_route=\/wp\/v2\/users\/1"}],"replies":[{"embeddable":true,"href":"https:\/\/www.turistamagazine.com\/v2\/index.php?rest_route=%2Fwp%2Fv2%2Fcomments&post=6959"}],"version-history":[{"count":2,"href":"https:\/\/www.turistamagazine.com\/v2\/index.php?rest_route=\/wp\/v2\/posts\/6959\/revisions"}],"predecessor-version":[{"id":6961,"href":"https:\/\/www.turistamagazine.com\/v2\/index.php?rest_route=\/wp\/v2\/posts\/6959\/revisions\/6961"}],"wp:attachment":[{"href":"https:\/\/www.turistamagazine.com\/v2\/index.php?rest_route=%2Fwp%2Fv2%2Fmedia&parent=6959"}],"wp:term":[{"taxonomy":"category","embeddable":true,"href":"https:\/\/www.turistamagazine.com\/v2\/index.php?rest_route=%2Fwp%2Fv2%2Fcategories&post=6959"},{"taxonomy":"post_tag","embeddable":true,"href":"https:\/\/www.turistamagazine.com\/v2\/index.php?rest_route=%2Fwp%2Fv2%2Ftags&post=6959"}],"curies":[{"name":"wp","href":"https:\/\/api.w.org\/{rel}","templated":true}]}}