{"id":69430,"date":"2026-03-16T17:49:30","date_gmt":"2026-03-16T22:49:30","guid":{"rendered":"https:\/\/www.turistamagazine.com\/v2\/?p=69430"},"modified":"2026-03-16T17:49:30","modified_gmt":"2026-03-16T22:49:30","slug":"el-papa-leon-xiv-recibira-la-medalla-de-la-libertad-de-ee-uu-durante-una-ceremonia-virtual","status":"publish","type":"post","link":"https:\/\/www.turistamagazine.com\/v2\/?p=69430","title":{"rendered":"EL PAPA LE\u00d3N XIV RECIBIR\u00c1 LA MEDALLA DE LA LIBERTAD DE EE.UU.\u00a0 DURANTE UNA CEREMONIA VIRTUAL"},"content":{"rendered":"<p style=\"text-align: center;\"><span style=\"color: #000080;\"><em><strong>La gala de entrega se realizar\u00e1 el 3 de julio en el hist\u00f3rico Independence Mall, donde el pont\u00edfice ser\u00e1 reconocido por la promoci\u00f3n de la libertad de conciencia y religiosa mediante una conexi\u00f3n remota desde Roma<\/strong><\/em><\/span><\/p>\n<p style=\"text-align: justify;\"><span style=\"color: #000080;\"><em><strong>USA\/16\/03\/2026.-El papa Le\u00f3n XIV recibir\u00e1 la Medalla de la Libertad en Filadelfia en v\u00edsperas del 4 de julio, pero no viajar\u00e1 a Estados Unidos durante las celebraciones del 250 aniversario del pa\u00eds. Le\u00f3n XIV, el primer Papa nacido en Estados Unidos, aceptar\u00e1 el galard\u00f3n mediante una transmisi\u00f3n remota desde Roma, seg\u00fan confirm\u00f3 en un comunicado el Centro Nacional de la Constituci\u00f3n, el organismo que entrega el galard\u00f3n todos los a\u00f1os.<\/strong><\/em><\/span><\/p>\n<p style=\"text-align: justify;\"><span style=\"color: #000080;\"><em><strong>El 3 de julio, la ceremonia se llevar\u00e1 a cabo en Independence Mall, el distrito hist\u00f3rico de Filadelfia donde se firmaron la Constituci\u00f3n y la Declaraci\u00f3n de Independencia. El Papa ser\u00e1 honrado por \u201cuna vida dedicada a promover la libertad religiosa y la libertad de conciencia y expresi\u00f3n en todo el mundo, ideales consagrados en la Primera Enmienda\u201d, seg\u00fan la organizaci\u00f3n. Entre los asistentes habr\u00e1 l\u00edderes c\u00edvicos, representantes religiosos y p\u00fablico general.<\/strong><\/em><\/span><\/p>\n<p style=\"text-align: justify;\"><span style=\"color: #000080;\"><em><strong>La Medalla de la Libertad, entregada anualmente a personas \u201cde coraje y convicci\u00f3n\u201d que promueven la libertad en el mundo, ha sido recibida en a\u00f1os anteriores por figuras como Volodimir Zelensky, Ruth Bader Ginsburg y John Lewis. Es la primera vez que un Papa recibe esta distinci\u00f3n, establecida en 1988 para conmemorar el bicentenario de la Constituci\u00f3n.<\/strong><\/em><\/span><\/p>\n<p style=\"text-align: justify;\"><span style=\"color: #000080;\"><em><strong>El papa Le\u00f3n XIV, nacido Robert F. Prevost y criado en Chicago, estudi\u00f3 en la Universidad de Villanova antes de ejercer como misionero y obispo en Per\u00fa. Su elecci\u00f3n como pont\u00edfice en mayo de 2025, tras la muerte de Francisco, marc\u00f3 el inicio de un papado centrado en el di\u00e1logo interreligioso y la defensa de la libertad de conciencia. Ha buscado el acercamiento entre comunidades jud\u00eda, musulmana y cristiana, y ha enfatizado la convivencia pac\u00edfica y la protecci\u00f3n de los derechos religiosos.<\/strong><\/em><\/span><\/p>\n<p style=\"text-align: justify;\"><span style=\"color: #000080;\"><em><strong>A pesar de la invitaci\u00f3n del presidente Donald Trump, el Vaticano confirm\u00f3 que el Papa no viajar\u00e1 a Estados Unidos en 2026, a\u00f1o en el que tiene previsto un recorrido por Italia y visitas a cuatro pa\u00edses africanos. El 4 de julio, Le\u00f3n estar\u00e1 en la isla italiana de Lampedusa, punto de llegada para migrantes africanos que buscan llegar a Europa. Su estancia en Lampedusa remite al viaje inaugural de su predecesor, Francisco, quien celebr\u00f3 una misa en ese lugar en 2013 sobre un altar construido con restos de barcos naufragados de migrantes.<\/strong><\/em><\/span><\/p>\n<p style=\"text-align: justify;\"><span style=\"color: #000080;\"><em><strong>La decisi\u00f3n de entregar la Medalla de la Libertad a un Papa estadounidense coincide con la vigencia de los debates sobre migraci\u00f3n y libertad religiosa en Estados Unidos. En los \u00faltimos meses, Le\u00f3n ha criticado aspectos de la pol\u00edtica migratoria estadounidense y respald\u00f3 una declaraci\u00f3n de los obispos cat\u00f3licos del pa\u00eds en contra de las deportaciones masivas y las condiciones en los centros de detenci\u00f3n. El 18 de noviembre, el pont\u00edfice afirm\u00f3 que tratar a migrantes con a\u00f1os de residencia \u201cde una manera extremadamente irrespetuosa, por decir lo menos\u201d, resulta inadmisible, e inst\u00f3 a las autoridades a actuar con dignidad en la aplicaci\u00f3n de la ley.<\/strong><\/em><\/span><\/p>\n<p style=\"text-align: justify;\"><span style=\"color: #000080;\"><em><strong>En un caso reciente que atrajo atenci\u00f3n internacional, un juez federal orden\u00f3 a las autoridades migratorias permitir el acceso de cl\u00e9rigos cat\u00f3licos a un centro de detenci\u00f3n en Chicago para ofrecer servicios religiosos y apoyo espiritual a inmigrantes indocumentados detenidos.<\/strong><\/em><\/span><\/p>\n<p style=\"text-align: justify;\"><span style=\"color: #000080;\"><em><strong>La entrega del premio y la agenda del Papa reflejan una historia compleja entre la tradici\u00f3n cat\u00f3lica y la identidad estadounidense. La relaci\u00f3n entre la rep\u00fablica y el Vaticano fue hist\u00f3ricamente tensa, con oleadas de inmigrantes cat\u00f3licos en los siglos XIX y XX enfrentando sospechas y prejuicios sobre su lealtad pol\u00edtica y cultural. El reconocimiento a Le\u00f3n XIV, seg\u00fan Vince Stango, presidente interino del Centro Nacional de la Constituci\u00f3n, <span style=\"color: #800080;\">\u201cresponde a la necesidad de destacar los principios fundacionales y pluralistas\u201d<\/span> de Estados Unidos y a la contribuci\u00f3n del pont\u00edfice a la defensa global de la libertad religiosa.<\/strong><\/em><\/span><\/p>\n<p><em><strong>F\/Infobae<\/strong><\/em><\/p>\n","protected":false},"excerpt":{"rendered":"<p>La gala de entrega se realizar\u00e1 el 3 de julio en el hist\u00f3rico Independence Mall, donde el pont\u00edfice ser\u00e1 reconocido por la promoci\u00f3n de la libertad de conciencia y religiosa mediante una conexi\u00f3n remota desde Roma USA\/16\/03\/2026.-El papa Le\u00f3n XIV recibir\u00e1 la Medalla de la Libertad en Filadelfia en v\u00edsperas del 4 de julio, pero no viajar\u00e1 a Estados Unidos durante las celebraciones del 250 aniversario del pa\u00eds. Le\u00f3n XIV, el primer Papa nacido en Estados Unidos, aceptar\u00e1 el galard\u00f3n mediante una transmisi\u00f3n remota desde Roma, seg\u00fan confirm\u00f3 en un comunicado el Centro Nacional de la Constituci\u00f3n, el organismo que&#8230;<\/p>\n","protected":false},"author":1,"featured_media":68816,"comment_status":"open","ping_status":"open","sticky":false,"template":"","format":"standard","meta":{"footnotes":""},"categories":[4,84],"tags":[10635,13356,10219,154],"class_list":["post-69430","post","type-post","status-publish","format-standard","has-post-thumbnail","hentry","category-breaking-news","category-internacionales","tag-elenahonoresdirectora","tag-elpapaleonxiv","tag-semanarioturistamagazine","tag-ee-uu"],"_links":{"self":[{"href":"https:\/\/www.turistamagazine.com\/v2\/index.php?rest_route=\/wp\/v2\/posts\/69430","targetHints":{"allow":["GET"]}}],"collection":[{"href":"https:\/\/www.turistamagazine.com\/v2\/index.php?rest_route=\/wp\/v2\/posts"}],"about":[{"href":"https:\/\/www.turistamagazine.com\/v2\/index.php?rest_route=\/wp\/v2\/types\/post"}],"author":[{"embeddable":true,"href":"https:\/\/www.turistamagazine.com\/v2\/index.php?rest_route=\/wp\/v2\/users\/1"}],"replies":[{"embeddable":true,"href":"https:\/\/www.turistamagazine.com\/v2\/index.php?rest_route=%2Fwp%2Fv2%2Fcomments&post=69430"}],"version-history":[{"count":1,"href":"https:\/\/www.turistamagazine.com\/v2\/index.php?rest_route=\/wp\/v2\/posts\/69430\/revisions"}],"predecessor-version":[{"id":69431,"href":"https:\/\/www.turistamagazine.com\/v2\/index.php?rest_route=\/wp\/v2\/posts\/69430\/revisions\/69431"}],"wp:featuredmedia":[{"embeddable":true,"href":"https:\/\/www.turistamagazine.com\/v2\/index.php?rest_route=\/wp\/v2\/media\/68816"}],"wp:attachment":[{"href":"https:\/\/www.turistamagazine.com\/v2\/index.php?rest_route=%2Fwp%2Fv2%2Fmedia&parent=69430"}],"wp:term":[{"taxonomy":"category","embeddable":true,"href":"https:\/\/www.turistamagazine.com\/v2\/index.php?rest_route=%2Fwp%2Fv2%2Fcategories&post=69430"},{"taxonomy":"post_tag","embeddable":true,"href":"https:\/\/www.turistamagazine.com\/v2\/index.php?rest_route=%2Fwp%2Fv2%2Ftags&post=69430"}],"curies":[{"name":"wp","href":"https:\/\/api.w.org\/{rel}","templated":true}]}}