{"id":69340,"date":"2026-03-04T14:35:50","date_gmt":"2026-03-04T19:35:50","guid":{"rendered":"https:\/\/www.turistamagazine.com\/v2\/?p=69340"},"modified":"2026-03-04T14:38:26","modified_gmt":"2026-03-04T19:38:26","slug":"el-peru-comienza-su-participacion-en-la-itb-berlin-2026-destacando-la-amazonia-peruana","status":"publish","type":"post","link":"https:\/\/www.turistamagazine.com\/v2\/?p=69340","title":{"rendered":"EL PER\u00da COMIENZA SU PARTICIPACI\u00d3N EN LA ITB BERL\u00cdN 2026 DESTACANDO LA AMAZON\u00cdA PERUANA"},"content":{"rendered":"<p style=\"text-align: center;\"><span style=\"color: #000080;\"><em><strong>Del 3 al 5 de marzo, el stand del Per\u00fa inspirado en la regi\u00f3n amaz\u00f3nica ofrecer\u00e1 una experiencia multisensorial \u00fanica al p\u00fablico alem\u00e1n.<\/strong><\/em><\/span><\/p>\n<p style=\"text-align: justify;\"><span style=\"color: #000080;\"><em><strong>BERLIN\/04\/04\/2026.-Con el inicio oficial de la ITB Berl\u00edn 2026, el Per\u00fa inaugur\u00f3 ayer su participaci\u00f3n en la feria con una variada oferta tur\u00edstica enfocada en la sostenibilidad, indic\u00f3 la Comisi\u00f3n de Promoci\u00f3n del Per\u00fa para la Exportaci\u00f3n y el Turismo (PROMPER\u00da). Junto a 15 empresas tur\u00edsticas peruanas, la presencia en la importante feria alemana tiene como objetivo posicionar a nuestro pa\u00eds como un destino aut\u00e9ntico y competitivo, con propuestas que combinan naturaleza, cultura y responsabilidad social.<\/strong><\/em><\/span><\/p>\n<p style=\"text-align: justify;\"><span style=\"color: #000080;\"><em><strong>El stand del Per\u00fa de esta edici\u00f3n, inspirado en la Amazon\u00eda peruana, destaca la biodiversidad, la cultura viva, la aventura y el turismo regenerativo. Un elemento central de su concepto es el enfoque multisensorial: un mural inspirado en la biodiversidad de la regi\u00f3n amaz\u00f3nica, as\u00ed como una zona inmersiva 360\u00b0 con paisajes sonoros, aromas y recorridos guiados, permite experimentar la riqueza natural del Per\u00fa de forma \u00fanica. Ello se complementa con un programa gastron\u00f3mico que incluye showcookings de platos t\u00edpicos como ceviche, chaufa amaz\u00f3nico y aj\u00ed de gallina, as\u00ed como shows de cocteler\u00eda a base de nuestro destilado bandera y degustaciones de caf\u00e9 peruano.<\/strong><\/em><\/span><\/p>\n<p style=\"text-align: justify;\"><span style=\"color: #000080;\"><em><strong>Durante el primer d\u00eda, se recibieron representantes del mundo empresarial y pol\u00edtico alem\u00e1n, quienes participaron en una visita guiada por el stand peruano. Entre ellos se encontraban Christoph Ploss, coordinador del Gobierno federal alem\u00e1n para el comercio mar\u00edtimo y el turismo, Kai Wegner, alcalde gobernante de Berl\u00edn, Albin Loidl, presidente de la Asociaci\u00f3n Alemana de Viajes y Mario Tobias, representante de la Messe Berlin.<\/strong><\/em><\/span><\/p>\n<p style=\"text-align: justify;\"><span style=\"color: #000080;\"><em><strong>Asimismo, como Adventure Travel Partner de la ITB Berl\u00edn, PROMPER\u00da ofreci\u00f3 una conferencia magistral en el Green &amp; Blue Tourism Forum (Foro de Turismo Verde y Azul) sobre turismo regenerativo en el Per\u00fa y la importancia del segmento para el sector tur\u00edstico global. Adem\u00e1s, se comenz\u00f3 con la atenci\u00f3n del p\u00fablico alem\u00e1n en el segundo stand del Per\u00fa, ubicado en el Pabell\u00f3n de Aventura de la feria, en el que se presenta una selecci\u00f3n de destinos peruanos de aventura sostenible.<\/strong><\/em><\/span><\/p>\n<p style=\"text-align: justify;\"><span style=\"color: #000080;\"><em><strong>El modelo de turismo de aventura, que incorpora el eje comunitario, tiene especial acogida en el mercado alem\u00e1n, uno de los principales mercados emisores europeos para el Per\u00fa. Seg\u00fan el perfil del turista alem\u00e1n elaborado por PROMPER\u00da, el 82% de los viajeros alemanes realiza actividades de aventura durante su estancia en el Per\u00fa y alrededor del 30% opta por experiencias de turismo comunitario. Este marcado inter\u00e9s por los viajes activos y con sentido coincide con el diferencial de la oferta tur\u00edstica peruana y permite a los visitantes alemanes vivir experiencias aut\u00e9nticas e inmersivas.<\/strong><\/em><\/span><\/p>\n<p style=\"text-align: justify;\"><span style=\"color: #000080;\"><em><strong>La participaci\u00f3n en eventos como ITB Berl\u00edn 2026 refleja el compromiso del Mincetur, a trav\u00e9s de PROMPER\u00da, con la promoci\u00f3n del turismo receptivo, que juega un rol clave en la econom\u00eda peruana, generando un impacto positivo en toda la industria, promoviendo as\u00ed un desarrollo m\u00e1s equitativo y sostenible.<\/strong><\/em><\/span><\/p>\n","protected":false},"excerpt":{"rendered":"<p>Del 3 al 5 de marzo, el stand del Per\u00fa inspirado en la regi\u00f3n amaz\u00f3nica ofrecer\u00e1 una experiencia multisensorial \u00fanica al p\u00fablico alem\u00e1n. BERLIN\/04\/04\/2026.-Con el inicio oficial de la ITB Berl\u00edn 2026, el Per\u00fa inaugur\u00f3 ayer su participaci\u00f3n en la feria con una variada oferta tur\u00edstica enfocada en la sostenibilidad, indic\u00f3 la Comisi\u00f3n de Promoci\u00f3n del Per\u00fa para la Exportaci\u00f3n y el Turismo (PROMPER\u00da). Junto a 15 empresas tur\u00edsticas peruanas, la presencia en la importante feria alemana tiene como objetivo posicionar a nuestro pa\u00eds como un destino aut\u00e9ntico y competitivo, con propuestas que combinan naturaleza, cultura y responsabilidad social. El&#8230;<\/p>\n","protected":false},"author":1,"featured_media":69342,"comment_status":"open","ping_status":"open","sticky":false,"template":"","format":"standard","meta":{"footnotes":""},"categories":[4,82],"tags":[11846,10219,589,349],"class_list":["post-69340","post","type-post","status-publish","format-standard","has-post-thumbnail","hentry","category-breaking-news","category-nacionales","tag-elenatejeradirectora","tag-semanarioturistamagazine","tag-itb-berlin","tag-promperu"],"_links":{"self":[{"href":"https:\/\/www.turistamagazine.com\/v2\/index.php?rest_route=\/wp\/v2\/posts\/69340","targetHints":{"allow":["GET"]}}],"collection":[{"href":"https:\/\/www.turistamagazine.com\/v2\/index.php?rest_route=\/wp\/v2\/posts"}],"about":[{"href":"https:\/\/www.turistamagazine.com\/v2\/index.php?rest_route=\/wp\/v2\/types\/post"}],"author":[{"embeddable":true,"href":"https:\/\/www.turistamagazine.com\/v2\/index.php?rest_route=\/wp\/v2\/users\/1"}],"replies":[{"embeddable":true,"href":"https:\/\/www.turistamagazine.com\/v2\/index.php?rest_route=%2Fwp%2Fv2%2Fcomments&post=69340"}],"version-history":[{"count":1,"href":"https:\/\/www.turistamagazine.com\/v2\/index.php?rest_route=\/wp\/v2\/posts\/69340\/revisions"}],"predecessor-version":[{"id":69341,"href":"https:\/\/www.turistamagazine.com\/v2\/index.php?rest_route=\/wp\/v2\/posts\/69340\/revisions\/69341"}],"wp:featuredmedia":[{"embeddable":true,"href":"https:\/\/www.turistamagazine.com\/v2\/index.php?rest_route=\/wp\/v2\/media\/69342"}],"wp:attachment":[{"href":"https:\/\/www.turistamagazine.com\/v2\/index.php?rest_route=%2Fwp%2Fv2%2Fmedia&parent=69340"}],"wp:term":[{"taxonomy":"category","embeddable":true,"href":"https:\/\/www.turistamagazine.com\/v2\/index.php?rest_route=%2Fwp%2Fv2%2Fcategories&post=69340"},{"taxonomy":"post_tag","embeddable":true,"href":"https:\/\/www.turistamagazine.com\/v2\/index.php?rest_route=%2Fwp%2Fv2%2Ftags&post=69340"}],"curies":[{"name":"wp","href":"https:\/\/api.w.org\/{rel}","templated":true}]}}