{"id":69321,"date":"2026-03-01T12:52:33","date_gmt":"2026-03-01T17:52:33","guid":{"rendered":"https:\/\/www.turistamagazine.com\/v2\/?p=69321"},"modified":"2026-03-01T12:52:33","modified_gmt":"2026-03-01T17:52:33","slug":"promperu-lanza-el-festival-internacional-de-la-vendimia-region-ica-2026","status":"publish","type":"post","link":"https:\/\/www.turistamagazine.com\/v2\/?p=69321","title":{"rendered":"PROMPER\u00da LANZA EL FESTIVAL INTERNACIONAL DE LA VENDIMIA REGI\u00d3N ICA 2026"},"content":{"rendered":"<p style=\"text-align: justify;\"><span style=\"color: #333399;\"><em><strong>ICA\/ 01\/03\/2026.-La Comisi\u00f3n de Promoci\u00f3n del Per\u00fa para la Exportaci\u00f3n y el Turismo (PROMPER\u00da) realiz\u00f3 el lanzamiento oficial del Festival Internacional de la Vendimia \u2013 Regi\u00f3n Ica 2026, con el objetivo de impulsar los viajes interregionales y promover experiencias vinculadas a la tradici\u00f3n vitivin\u00edcola del pa\u00eds.<\/strong><\/em><\/span><\/p>\n<p style=\"text-align: justify;\"><span style=\"color: #333399;\"><em><strong>El evento se desarroll\u00f3 en el Hotel Pullman de Miraflores y reuni\u00f3 a autoridades regionales, representantes del sector turismo e influencers. Durante la presentaci\u00f3n se dio a conocer la programaci\u00f3n que posicionar\u00e1 a marzo como el mes de la vendimia en Ica, incentivando a m\u00e1s peruanos a viajar y participar en esta celebraci\u00f3n.<\/strong><\/em><\/span><\/p>\n<p style=\"text-align: justify;\"><span style=\"color: #333399;\"><em><strong>La iniciativa forma parte de las acciones de PROMPER\u00da para dinamizar el turismo interno mediante la promoci\u00f3n de festividades regionales. La entidad acompa\u00f1ar\u00e1 el festival con una estrategia de difusi\u00f3n que incluye campa\u00f1as digitales, contenidos en la plataforma \u201cY T\u00fa Qu\u00e9 Planes\u201d, promoci\u00f3n en redes sociales y articulaci\u00f3n con medios.<\/strong><\/em><\/span><\/p>\n<p>&nbsp;<\/p>\n<p style=\"text-align: justify;\"><span style=\"color: #333399;\"><em><strong>El Festival Internacional de la Vendimia de Ica se realizar\u00e1 del 6 al 23 de marzo. Contempla actividades como la Ruta de los Lagares, recorridos por bodegas y presentaciones culturales en las campi\u00f1as ique\u00f1as.<\/strong><\/em><\/span><\/p>\n<p style=\"text-align: justify;\"><span style=\"color: #333399;\"><em><strong>La celebraci\u00f3n tendr\u00e1 adem\u00e1s una agenda descentralizada. En Chincha se desarrollar\u00e1 del 17 al 25 de marzo; en Pisco, del 24 de febrero al 20 de marzo; en Paracas, el 27 y 28 de marzo; y en Nasca, del 23 al 29 de marzo, con expoferias, actividades enol\u00f3gicas y eventos culturales.<\/strong><\/em><\/span><\/p>\n<p>CANATUR<\/p>\n","protected":false},"excerpt":{"rendered":"<p>ICA\/ 01\/03\/2026.-La Comisi\u00f3n de Promoci\u00f3n del Per\u00fa para la Exportaci\u00f3n y el Turismo (PROMPER\u00da) realiz\u00f3 el lanzamiento oficial del Festival Internacional de la Vendimia \u2013 Regi\u00f3n Ica 2026, con el objetivo de impulsar los viajes interregionales y promover experiencias vinculadas a la tradici\u00f3n vitivin\u00edcola del pa\u00eds. El evento se desarroll\u00f3 en el Hotel Pullman de Miraflores y reuni\u00f3 a autoridades regionales, representantes del sector turismo e influencers. Durante la presentaci\u00f3n se dio a conocer la programaci\u00f3n que posicionar\u00e1 a marzo como el mes de la vendimia en Ica, incentivando a m\u00e1s peruanos a viajar y participar en esta celebraci\u00f3n. La&#8230;<\/p>\n","protected":false},"author":1,"featured_media":69322,"comment_status":"open","ping_status":"open","sticky":false,"template":"","format":"standard","meta":{"footnotes":""},"categories":[4,82],"tags":[11846,10219,13753],"class_list":["post-69321","post","type-post","status-publish","format-standard","has-post-thumbnail","hentry","category-breaking-news","category-nacionales","tag-elenatejeradirectora","tag-semanarioturistamagazine","tag-festival-internacional-de-la-vendimia"],"_links":{"self":[{"href":"https:\/\/www.turistamagazine.com\/v2\/index.php?rest_route=\/wp\/v2\/posts\/69321","targetHints":{"allow":["GET"]}}],"collection":[{"href":"https:\/\/www.turistamagazine.com\/v2\/index.php?rest_route=\/wp\/v2\/posts"}],"about":[{"href":"https:\/\/www.turistamagazine.com\/v2\/index.php?rest_route=\/wp\/v2\/types\/post"}],"author":[{"embeddable":true,"href":"https:\/\/www.turistamagazine.com\/v2\/index.php?rest_route=\/wp\/v2\/users\/1"}],"replies":[{"embeddable":true,"href":"https:\/\/www.turistamagazine.com\/v2\/index.php?rest_route=%2Fwp%2Fv2%2Fcomments&post=69321"}],"version-history":[{"count":1,"href":"https:\/\/www.turistamagazine.com\/v2\/index.php?rest_route=\/wp\/v2\/posts\/69321\/revisions"}],"predecessor-version":[{"id":69323,"href":"https:\/\/www.turistamagazine.com\/v2\/index.php?rest_route=\/wp\/v2\/posts\/69321\/revisions\/69323"}],"wp:featuredmedia":[{"embeddable":true,"href":"https:\/\/www.turistamagazine.com\/v2\/index.php?rest_route=\/wp\/v2\/media\/69322"}],"wp:attachment":[{"href":"https:\/\/www.turistamagazine.com\/v2\/index.php?rest_route=%2Fwp%2Fv2%2Fmedia&parent=69321"}],"wp:term":[{"taxonomy":"category","embeddable":true,"href":"https:\/\/www.turistamagazine.com\/v2\/index.php?rest_route=%2Fwp%2Fv2%2Fcategories&post=69321"},{"taxonomy":"post_tag","embeddable":true,"href":"https:\/\/www.turistamagazine.com\/v2\/index.php?rest_route=%2Fwp%2Fv2%2Ftags&post=69321"}],"curies":[{"name":"wp","href":"https:\/\/api.w.org\/{rel}","templated":true}]}}