{"id":6932,"date":"2014-08-25T08:13:09","date_gmt":"2014-08-25T13:13:09","guid":{"rendered":"http:\/\/www.turistamagazine.com\/v2\/?p=6932"},"modified":"2014-08-25T08:13:09","modified_gmt":"2014-08-25T13:13:09","slug":"peru-murio-enrique-zileri-ex-director-de-la-revista-caretas","status":"publish","type":"post","link":"https:\/\/www.turistamagazine.com\/v2\/?p=6932","title":{"rendered":"PERU: MURIO ENRIQUE ZILERI EX DIRECTOR DE LA REVISTA CARETAS"},"content":{"rendered":"<p style=\"text-align: justify;\">Lima.- Enrique Zileri \u00a0periodista connotado del Per\u00fa Presidente del Directorio y exdirector de la revista Caretas, falleci\u00f3 esta madrugada, tras una larga enfermedad, inform\u00f3 RPP Noticias. Con una trayectoria muy pol\u00e9mica fue un gran defensor de la libertad de prensa y, \u00a0durante el gobierno dictatorial del General Juan Velazco Alvarado la revista fue intervenida y estuvo exilado.<\/p>\n<p style=\"text-align: justify;\">La revista Caretas form\u00f3 escuela de periodismo de investigaci\u00f3n y muchos reconocidos periodistas salieron de sus canteras.<\/p>\n<p style=\"text-align: justify;\">El velatorio de Zileri se realizar\u00eda en estricto privado, entre los muchos cargos que\u00a0 desempe\u00f1o, tambi\u00e9n cumpli\u00f3 una gran labor \u00a0como presidente del Instituto Internacional de la Prensa y presidente del Consejo de la Prensa Peruana.<\/p>\n<p style=\"text-align: justify;\">Con la partida de Enrique, se cierra toda una \u00e9poca \u00a0convulsa de la historia de la prensa peruana. Son personalidades que lamentablemente el tiempo y los a\u00f1os juegan en su contra y nada se puede hacer contra ello. Y como dice Ana Jara, presidenta del Consejo de Ministros, Parte de la historia del pa\u00eds se va con \u00e9l.<\/p>\n<p style=\"text-align: justify;\">Foto\/ \u00abNo Culpes a la Noche\u00bb<\/p>\n","protected":false},"excerpt":{"rendered":"<p>Lima.- Enrique Zileri \u00a0periodista connotado del Per\u00fa Presidente del Directorio y exdirector de la revista Caretas, falleci\u00f3 esta madrugada, tras una larga enfermedad, inform\u00f3 RPP Noticias. Con una trayectoria muy pol\u00e9mica fue un gran defensor de la libertad de prensa y, \u00a0durante el gobierno dictatorial del General Juan Velazco Alvarado la revista fue intervenida y estuvo exilado. La revista Caretas form\u00f3 escuela de periodismo de investigaci\u00f3n y muchos reconocidos periodistas salieron de sus canteras. El velatorio de Zileri se realizar\u00eda en estricto privado, entre los muchos cargos que\u00a0 desempe\u00f1o, tambi\u00e9n cumpli\u00f3 una gran labor \u00a0como presidente del Instituto Internacional de&#8230;<\/p>\n","protected":false},"author":1,"featured_media":0,"comment_status":"open","ping_status":"open","sticky":false,"template":"","format":"standard","meta":{"footnotes":""},"categories":[4,82],"tags":[2639,321,2640,340],"class_list":["post-6932","post","type-post","status-publish","format-standard","hentry","category-breaking-news","category-nacionales","tag-enrique-zileri","tag-lima","tag-murio-enrique-zileri","tag-peru"],"_links":{"self":[{"href":"https:\/\/www.turistamagazine.com\/v2\/index.php?rest_route=\/wp\/v2\/posts\/6932","targetHints":{"allow":["GET"]}}],"collection":[{"href":"https:\/\/www.turistamagazine.com\/v2\/index.php?rest_route=\/wp\/v2\/posts"}],"about":[{"href":"https:\/\/www.turistamagazine.com\/v2\/index.php?rest_route=\/wp\/v2\/types\/post"}],"author":[{"embeddable":true,"href":"https:\/\/www.turistamagazine.com\/v2\/index.php?rest_route=\/wp\/v2\/users\/1"}],"replies":[{"embeddable":true,"href":"https:\/\/www.turistamagazine.com\/v2\/index.php?rest_route=%2Fwp%2Fv2%2Fcomments&post=6932"}],"version-history":[{"count":3,"href":"https:\/\/www.turistamagazine.com\/v2\/index.php?rest_route=\/wp\/v2\/posts\/6932\/revisions"}],"predecessor-version":[{"id":6936,"href":"https:\/\/www.turistamagazine.com\/v2\/index.php?rest_route=\/wp\/v2\/posts\/6932\/revisions\/6936"}],"wp:attachment":[{"href":"https:\/\/www.turistamagazine.com\/v2\/index.php?rest_route=%2Fwp%2Fv2%2Fmedia&parent=6932"}],"wp:term":[{"taxonomy":"category","embeddable":true,"href":"https:\/\/www.turistamagazine.com\/v2\/index.php?rest_route=%2Fwp%2Fv2%2Fcategories&post=6932"},{"taxonomy":"post_tag","embeddable":true,"href":"https:\/\/www.turistamagazine.com\/v2\/index.php?rest_route=%2Fwp%2Fv2%2Ftags&post=6932"}],"curies":[{"name":"wp","href":"https:\/\/api.w.org\/{rel}","templated":true}]}}