{"id":69317,"date":"2026-03-01T12:37:14","date_gmt":"2026-03-01T17:37:14","guid":{"rendered":"https:\/\/www.turistamagazine.com\/v2\/?p=69317"},"modified":"2026-03-01T12:37:14","modified_gmt":"2026-03-01T17:37:14","slug":"ferrocarril-central-andino-reanuda-viajes-en-semana-santa","status":"publish","type":"post","link":"https:\/\/www.turistamagazine.com\/v2\/?p=69317","title":{"rendered":"FERROCARRIL CENTRAL ANDINO REANUDA VIAJES EN SEMANA SANTA"},"content":{"rendered":"<p style=\"text-align: justify;\"><span style=\"color: #333399;\"><em><strong>LIMA\/ 01\/03\/2026.-El Ferrocarril Central Andino iniciar\u00e1 este lunes 2 de marzo la venta de entradas para sus viajes de Semana Santa, inform\u00f3 su gerente comercial, Daniel Brice\u00f1o. El recorrido especial se realizar\u00e1 del Jueves Santo al Domingo de Resurrecci\u00f3n.<\/strong><\/em><\/span><\/p>\n<p style=\"text-align: justify;\"><span style=\"color: #333399;\"><em><strong>En entrevista con \u201cAndina al D\u00eda\u201d, Brice\u00f1o destac\u00f3 que se trata de uno de los \u00faltimos trenes de monta\u00f1a que opera con esta tecnolog\u00eda. Record\u00f3 que la ruta supera los 4,800 msnm y constituye una de las obras de ingenier\u00eda m\u00e1s importantes construidas a fines del siglo XIX.<\/strong><\/em><\/span><\/p>\n<p style=\"text-align: justify;\"><span style=\"color: #333399;\"><em><strong>La capacidad habitual es de 260 pasajeros por viaje. Sin embargo, para Semana Santa se prev\u00e9 incrementar el n\u00famero de vagones y alcanzar entre 400 y 500 viajeros por salida, ante el aumento de la demanda.<\/strong><\/em><\/span><\/p>\n<p style=\"text-align: justify;\"><span style=\"color: #333399;\"><em><strong>Por tratarse de un recorrido en altura,\u00a0 \u00a0mayor altitud en el\u00a0T\u00fanel de Galera, situado a 4,781 metros sobre el nivel del mar\u00a0(msnm)\u00a0los menores de 5 a\u00f1os y los mayores de 65 deber\u00e1n presentar certificado m\u00e9dico. Cada coche contar\u00e1 con enfermera, tanque de ox\u00edgeno y m\u00e9dico a bordo. Adem\u00e1s, el tren ser\u00e1 escoltado por camionetas para atender cualquier eventualidad.<\/strong><\/em><\/span><\/p>\n<p style=\"text-align: justify;\"><span style=\"color: #333399;\"><em><strong>El servicio incluye actividades de entretenimiento y el vag\u00f3n Bar Mirador, dise\u00f1ado para apreciar los paisajes andinos. Entre los planes futuros figura ampliar los periplos hacia destinos como Cerro de Pasco.<\/strong><\/em><\/span><\/p>\n<p>F\/Andina<\/p>\n","protected":false},"excerpt":{"rendered":"<p>LIMA\/ 01\/03\/2026.-El Ferrocarril Central Andino iniciar\u00e1 este lunes 2 de marzo la venta de entradas para sus viajes de Semana Santa, inform\u00f3 su gerente comercial, Daniel Brice\u00f1o. El recorrido especial se realizar\u00e1 del Jueves Santo al Domingo de Resurrecci\u00f3n. En entrevista con \u201cAndina al D\u00eda\u201d, Brice\u00f1o destac\u00f3 que se trata de uno de los \u00faltimos trenes de monta\u00f1a que opera con esta tecnolog\u00eda. Record\u00f3 que la ruta supera los 4,800 msnm y constituye una de las obras de ingenier\u00eda m\u00e1s importantes construidas a fines del siglo XIX. La capacidad habitual es de 260 pasajeros por viaje. Sin embargo, para Semana&#8230;<\/p>\n","protected":false},"author":1,"featured_media":69318,"comment_status":"open","ping_status":"open","sticky":false,"template":"","format":"standard","meta":{"footnotes":""},"categories":[4,82],"tags":[11846,10219,13227],"class_list":["post-69317","post","type-post","status-publish","format-standard","has-post-thumbnail","hentry","category-breaking-news","category-nacionales","tag-elenatejeradirectora","tag-semanarioturistamagazine","tag-ferrocarril-central-andino"],"_links":{"self":[{"href":"https:\/\/www.turistamagazine.com\/v2\/index.php?rest_route=\/wp\/v2\/posts\/69317","targetHints":{"allow":["GET"]}}],"collection":[{"href":"https:\/\/www.turistamagazine.com\/v2\/index.php?rest_route=\/wp\/v2\/posts"}],"about":[{"href":"https:\/\/www.turistamagazine.com\/v2\/index.php?rest_route=\/wp\/v2\/types\/post"}],"author":[{"embeddable":true,"href":"https:\/\/www.turistamagazine.com\/v2\/index.php?rest_route=\/wp\/v2\/users\/1"}],"replies":[{"embeddable":true,"href":"https:\/\/www.turistamagazine.com\/v2\/index.php?rest_route=%2Fwp%2Fv2%2Fcomments&post=69317"}],"version-history":[{"count":2,"href":"https:\/\/www.turistamagazine.com\/v2\/index.php?rest_route=\/wp\/v2\/posts\/69317\/revisions"}],"predecessor-version":[{"id":69320,"href":"https:\/\/www.turistamagazine.com\/v2\/index.php?rest_route=\/wp\/v2\/posts\/69317\/revisions\/69320"}],"wp:featuredmedia":[{"embeddable":true,"href":"https:\/\/www.turistamagazine.com\/v2\/index.php?rest_route=\/wp\/v2\/media\/69318"}],"wp:attachment":[{"href":"https:\/\/www.turistamagazine.com\/v2\/index.php?rest_route=%2Fwp%2Fv2%2Fmedia&parent=69317"}],"wp:term":[{"taxonomy":"category","embeddable":true,"href":"https:\/\/www.turistamagazine.com\/v2\/index.php?rest_route=%2Fwp%2Fv2%2Fcategories&post=69317"},{"taxonomy":"post_tag","embeddable":true,"href":"https:\/\/www.turistamagazine.com\/v2\/index.php?rest_route=%2Fwp%2Fv2%2Ftags&post=69317"}],"curies":[{"name":"wp","href":"https:\/\/api.w.org\/{rel}","templated":true}]}}