{"id":69311,"date":"2026-03-01T11:59:51","date_gmt":"2026-03-01T16:59:51","guid":{"rendered":"https:\/\/www.turistamagazine.com\/v2\/?p=69311"},"modified":"2026-03-01T12:01:44","modified_gmt":"2026-03-01T17:01:44","slug":"qatar-sufre-mas-cancelaciones-por-la-guerra-que-israel","status":"publish","type":"post","link":"https:\/\/www.turistamagazine.com\/v2\/?p=69311","title":{"rendered":"QATAR SUFRE M\u00c1S CANCELACIONES POR LA GUERRA QUE ISRAEL"},"content":{"rendered":"<p style=\"text-align: justify;\"><span style=\"color: #333399;\"><em><strong>QATAR \/01\/03\/2026.-Toda la regi\u00f3n est\u00e1 sufriendo anulaciones masivas de vuelos, consecuencia de la gravedad de la crisis que padecen y de los ataques de Ir\u00e1n<\/strong><\/em><\/span><\/p>\n<p style=\"text-align: justify;\"><span style=\"color: #333399;\"><em><strong>Como es de p\u00fablico conocimientoel \u00a0s\u00e1bado 28 de febrero, se inici\u00f3 una nueva fase de la guerra persistente entre los musulmanes chiitas de Ir\u00e1n (con ramificaciones en Ham\u00e1s, Hezbol\u00e1 y los hut\u00edes) e Israel con el apoyo de Estados Unidos y, cada vez m\u00e1s, una t\u00e1cita comprensi\u00f3n de los musulmanes sunitas.<\/strong><\/em><\/span><\/p>\n<p style=\"text-align: justify;\"><span style=\"color: #333399;\"><em><strong>Toda la regi\u00f3n sufri\u00f3 cancelaciones de vuelos, consecuencia de la gravedad de la crisis que padecen y de los ataques de Ir\u00e1n, que se concretaron en Qatar, Bahr\u00e9in, Arabia, Emiratos y Kuwait. Seg\u00fan los datos de la consultora Cirium, el s\u00e1bado 28 a las 16.45, hora del Golfo, en Emiratos, se hab\u00edan cancelado el 35 por ciento de los vuelos, equivalentes a 373 operaciones de salida; en Qatar el 51 por ciento, 170 vuelos; en Israel, territorio cr\u00edtico por su peligrosidad, s\u00f3lo 52 de los 107 vuelos previstos, un 49 por ciento.<\/strong><\/em><\/span><\/p>\n<p style=\"text-align: justify;\"><span style=\"color: #333399;\"><em><strong>Por aerol\u00edneas (de la regi\u00f3n) la m\u00e1s afectada es Flydubai, la filial de Emirates, que vuela sobre todo corto radio en el Golfo P\u00e9rsico, con un 51 por ciento de los vuelos. Qatar Airways ha suspendido 219 vuelos (idas y vueltas), un 41 por ciento del total del s\u00e1bado. Royal Jordanian ha dejado en tierra el 14,16 por ciento de los vuelos y Etihad el 30 por ciento.<\/strong><\/em><\/span><\/p>\n<p style=\"text-align: justify;\"><span style=\"color: #333399;\"><em><strong>La afecci\u00f3n para las aerol\u00edneas indias es muy elevada por varias otras razones: conflicto en la regi\u00f3n, guerra declarada entre Pakist\u00e1n \u2013enemigo de India\u2013 y Afganist\u00e1n, y su posicionamiento geogr\u00e1fico que convierte en complicada su operaci\u00f3n en ese \u00e1mbito.<\/strong><\/em><\/span><\/p>\n<p>F\/ Referente<\/p>\n","protected":false},"excerpt":{"rendered":"<p>QATAR \/01\/03\/2026.-Toda la regi\u00f3n est\u00e1 sufriendo anulaciones masivas de vuelos, consecuencia de la gravedad de la crisis que padecen y de los ataques de Ir\u00e1n Como es de p\u00fablico conocimientoel \u00a0s\u00e1bado 28 de febrero, se inici\u00f3 una nueva fase de la guerra persistente entre los musulmanes chiitas de Ir\u00e1n (con ramificaciones en Ham\u00e1s, Hezbol\u00e1 y los hut\u00edes) e Israel con el apoyo de Estados Unidos y, cada vez m\u00e1s, una t\u00e1cita comprensi\u00f3n de los musulmanes sunitas. Toda la regi\u00f3n sufri\u00f3 cancelaciones de vuelos, consecuencia de la gravedad de la crisis que padecen y de los ataques de Ir\u00e1n, que se&#8230;<\/p>\n","protected":false},"author":1,"featured_media":63556,"comment_status":"open","ping_status":"open","sticky":false,"template":"","format":"standard","meta":{"footnotes":""},"categories":[4,84],"tags":[11846,11555,10219,6481],"class_list":["post-69311","post","type-post","status-publish","format-standard","has-post-thumbnail","hentry","category-breaking-news","category-internacionales","tag-elenatejeradirectora","tag-israelturismo","tag-semanarioturistamagazine","tag-qatar-airways"],"_links":{"self":[{"href":"https:\/\/www.turistamagazine.com\/v2\/index.php?rest_route=\/wp\/v2\/posts\/69311","targetHints":{"allow":["GET"]}}],"collection":[{"href":"https:\/\/www.turistamagazine.com\/v2\/index.php?rest_route=\/wp\/v2\/posts"}],"about":[{"href":"https:\/\/www.turistamagazine.com\/v2\/index.php?rest_route=\/wp\/v2\/types\/post"}],"author":[{"embeddable":true,"href":"https:\/\/www.turistamagazine.com\/v2\/index.php?rest_route=\/wp\/v2\/users\/1"}],"replies":[{"embeddable":true,"href":"https:\/\/www.turistamagazine.com\/v2\/index.php?rest_route=%2Fwp%2Fv2%2Fcomments&post=69311"}],"version-history":[{"count":2,"href":"https:\/\/www.turistamagazine.com\/v2\/index.php?rest_route=\/wp\/v2\/posts\/69311\/revisions"}],"predecessor-version":[{"id":69313,"href":"https:\/\/www.turistamagazine.com\/v2\/index.php?rest_route=\/wp\/v2\/posts\/69311\/revisions\/69313"}],"wp:featuredmedia":[{"embeddable":true,"href":"https:\/\/www.turistamagazine.com\/v2\/index.php?rest_route=\/wp\/v2\/media\/63556"}],"wp:attachment":[{"href":"https:\/\/www.turistamagazine.com\/v2\/index.php?rest_route=%2Fwp%2Fv2%2Fmedia&parent=69311"}],"wp:term":[{"taxonomy":"category","embeddable":true,"href":"https:\/\/www.turistamagazine.com\/v2\/index.php?rest_route=%2Fwp%2Fv2%2Fcategories&post=69311"},{"taxonomy":"post_tag","embeddable":true,"href":"https:\/\/www.turistamagazine.com\/v2\/index.php?rest_route=%2Fwp%2Fv2%2Ftags&post=69311"}],"curies":[{"name":"wp","href":"https:\/\/api.w.org\/{rel}","templated":true}]}}