{"id":69308,"date":"2026-03-01T11:49:18","date_gmt":"2026-03-01T16:49:18","guid":{"rendered":"https:\/\/www.turistamagazine.com\/v2\/?p=69308"},"modified":"2026-03-01T11:49:18","modified_gmt":"2026-03-01T16:49:18","slug":"iberia-y-air-europa-cancelan-vuelos-a-tel-aviv-y-doha","status":"publish","type":"post","link":"https:\/\/www.turistamagazine.com\/v2\/?p=69308","title":{"rendered":"IBERIA Y AIR EUROPA CANCELAN VUELOS A TEL AVIV Y DOHA"},"content":{"rendered":"<p style=\"text-align: justify;\"><span style=\"color: #000080;\"><em><strong>ESPA\u00d1A\/01\/03\/2026.-Iberia y Air Europa han cancelado temporalmente sus vuelos a la ciudad israel\u00ed de Tel Aviv, debido al cierre del espacio a\u00e9reo de Israel tras el ataque de ese pa\u00eds y de EE.UU. a Ir\u00e1n. Adem\u00e1s, Iberia confirm\u00f3 que ha suspendido su vuelo diario a Doha, la capital de Catar. Iberia Express suspendi\u00f3 desde este s\u00e1bado y hasta el 10 de marzo su vuelo diario entre Madrid y Tel Aviv.<\/strong><\/em><\/span><\/p>\n<p style=\"text-align: justify;\"><span style=\"color: #000080;\"><em><strong>Por su parte, Air Europa cancel\u00f3 sus vuelos a la ciudad israel\u00ed previstos para los d\u00edas 1 y 2 de marzo y est\u00e1 evaluando la operativa a partir del d\u00eda 3. La aerol\u00ednea anunci\u00f3 que ha flexibilizado su pol\u00edtica de cambios de billetes para facilitar alternativas a los pasajeros afectados.<\/strong><\/em><\/span><\/p>\n<p style=\"text-align: justify;\"><span style=\"color: #000080;\"><em><strong>Adem\u00e1s, el grupo Lufthansa, el mayor de Europa, cancel\u00f3 sus vuelos hacia y desde Tel Aviv, Beirut, Amm\u00e1n, Erbil y Teher\u00e1n hasta el 7 de marzo. Tambi\u00e9n suspendi\u00f3 temporalmente las conexiones con Dub\u00e1i y Abu Dabi hasta el domingo. Tambi\u00e9n Air France anul\u00f3 sus vuelos previstos para este s\u00e1bado hacia y desde Tel Aviv y Beirut \u201cdebido a la situaci\u00f3n de seguridad\u201d en estos destinos. Igualmente, British Airways suspendi\u00f3 sus vuelos hacia Tel Aviv y Bahr\u00e9in hasta el 3 de marzo.<\/strong><\/em><\/span><\/p>\n<p style=\"text-align: justify;\"><span style=\"color: #000080;\"><em><strong>Otras aerol\u00edneas que cancelaron conexiones con la regi\u00f3n fueron Swiss, Norwegian y Air India, as\u00ed como Ethiopian Airlines, Kenya Airways y Rwanda Air, junto a Emirates, Etihad, Qatar, Turkish y Pegasus.<\/strong><\/em><\/span><\/p>\n<p>F\/Preferente<\/p>\n","protected":false},"excerpt":{"rendered":"<p>ESPA\u00d1A\/01\/03\/2026.-Iberia y Air Europa han cancelado temporalmente sus vuelos a la ciudad israel\u00ed de Tel Aviv, debido al cierre del espacio a\u00e9reo de Israel tras el ataque de ese pa\u00eds y de EE.UU. a Ir\u00e1n. Adem\u00e1s, Iberia confirm\u00f3 que ha suspendido su vuelo diario a Doha, la capital de Catar. Iberia Express suspendi\u00f3 desde este s\u00e1bado y hasta el 10 de marzo su vuelo diario entre Madrid y Tel Aviv. Por su parte, Air Europa cancel\u00f3 sus vuelos a la ciudad israel\u00ed previstos para los d\u00edas 1 y 2 de marzo y est\u00e1 evaluando la operativa a partir del d\u00eda&#8230;<\/p>\n","protected":false},"author":1,"featured_media":69309,"comment_status":"open","ping_status":"open","sticky":false,"template":"","format":"standard","meta":{"footnotes":""},"categories":[4,84],"tags":[11846,10219,153,178,3339],"class_list":["post-69308","post","type-post","status-publish","format-standard","has-post-thumbnail","hentry","category-breaking-news","category-internacionales","tag-elenatejeradirectora","tag-semanarioturistamagazine","tag-air-europa","tag-espana","tag-grupo-iberia"],"_links":{"self":[{"href":"https:\/\/www.turistamagazine.com\/v2\/index.php?rest_route=\/wp\/v2\/posts\/69308","targetHints":{"allow":["GET"]}}],"collection":[{"href":"https:\/\/www.turistamagazine.com\/v2\/index.php?rest_route=\/wp\/v2\/posts"}],"about":[{"href":"https:\/\/www.turistamagazine.com\/v2\/index.php?rest_route=\/wp\/v2\/types\/post"}],"author":[{"embeddable":true,"href":"https:\/\/www.turistamagazine.com\/v2\/index.php?rest_route=\/wp\/v2\/users\/1"}],"replies":[{"embeddable":true,"href":"https:\/\/www.turistamagazine.com\/v2\/index.php?rest_route=%2Fwp%2Fv2%2Fcomments&post=69308"}],"version-history":[{"count":1,"href":"https:\/\/www.turistamagazine.com\/v2\/index.php?rest_route=\/wp\/v2\/posts\/69308\/revisions"}],"predecessor-version":[{"id":69310,"href":"https:\/\/www.turistamagazine.com\/v2\/index.php?rest_route=\/wp\/v2\/posts\/69308\/revisions\/69310"}],"wp:featuredmedia":[{"embeddable":true,"href":"https:\/\/www.turistamagazine.com\/v2\/index.php?rest_route=\/wp\/v2\/media\/69309"}],"wp:attachment":[{"href":"https:\/\/www.turistamagazine.com\/v2\/index.php?rest_route=%2Fwp%2Fv2%2Fmedia&parent=69308"}],"wp:term":[{"taxonomy":"category","embeddable":true,"href":"https:\/\/www.turistamagazine.com\/v2\/index.php?rest_route=%2Fwp%2Fv2%2Fcategories&post=69308"},{"taxonomy":"post_tag","embeddable":true,"href":"https:\/\/www.turistamagazine.com\/v2\/index.php?rest_route=%2Fwp%2Fv2%2Ftags&post=69308"}],"curies":[{"name":"wp","href":"https:\/\/api.w.org\/{rel}","templated":true}]}}