{"id":69054,"date":"2026-01-27T17:36:20","date_gmt":"2026-01-27T22:36:20","guid":{"rendered":"https:\/\/www.turistamagazine.com\/v2\/?p=69054"},"modified":"2026-01-27T17:36:20","modified_gmt":"2026-01-27T22:36:20","slug":"canatur-peru-realizo-su-primera-reunion-de-gerentes-generales-para-fortalecer-el-trabajo-gremial","status":"publish","type":"post","link":"https:\/\/www.turistamagazine.com\/v2\/?p=69054","title":{"rendered":"CANATUR PER\u00da REALIZ\u00d3 SU PRIMERA REUNI\u00d3N DE GERENTES GENERALES PARA FORTALECER EL TRABAJO GREMIAL"},"content":{"rendered":"<p style=\"text-align: justify;\"><span style=\"color: #333399;\"><em><strong>LIMA\/PERU\/27\/01\/2026.-La C\u00e1mara Nacional de Turismo del Per\u00fa (CANATUR) realiz\u00f3 el pasado martes 20 su primera reuni\u00f3n de gerentes generales, una iniciativa orientada a consolidar un espacio permanente de di\u00e1logo, coordinaci\u00f3n y alineamiento estrat\u00e9gico entre los gremios que integran la C\u00e1mara.<\/strong><\/em><\/span><\/p>\n<p style=\"text-align: justify;\"><span style=\"color: #333399;\"><em><strong>Este encuentro busca promover un mejor trabajo conjunto, generar sinergias y fortalecer la articulaci\u00f3n institucional, con miras a una gesti\u00f3n gremial m\u00e1s eficiente y alineada a los objetivos del sector turismo.<\/strong><\/em><\/span><\/p>\n<p style=\"text-align: justify;\"><span style=\"color: #333399;\"><em><strong>En la reuni\u00f3n tambi\u00e9n participaron representantes de la Sociedad Hoteles del Per\u00fa (SHP) y de la Asociaci\u00f3n Peruana de Agencias de Viajes y Turismo (APAVIT), quienes acompa\u00f1aron la jornada de trabajo, aunque no figuran en la fotograf\u00eda oficial debido a compromisos propios de su gesti\u00f3n.<\/strong><\/em><\/span><\/p>\n<p style=\"text-align: justify;\"><span style=\"color: #333399;\"><em><strong>Desde CANATUR PER\u00da se destac\u00f3 la importancia de institucionalizar este tipo de espacios como parte de una din\u00e1mica de coordinaci\u00f3n continua entre los gremios, orientada a fortalecer la representaci\u00f3n del sector y el trabajo articulado en beneficio del turismo nacional.<\/strong><\/em><\/span><\/p>\n","protected":false},"excerpt":{"rendered":"<p>LIMA\/PERU\/27\/01\/2026.-La C\u00e1mara Nacional de Turismo del Per\u00fa (CANATUR) realiz\u00f3 el pasado martes 20 su primera reuni\u00f3n de gerentes generales, una iniciativa orientada a consolidar un espacio permanente de di\u00e1logo, coordinaci\u00f3n y alineamiento estrat\u00e9gico entre los gremios que integran la C\u00e1mara. Este encuentro busca promover un mejor trabajo conjunto, generar sinergias y fortalecer la articulaci\u00f3n institucional, con miras a una gesti\u00f3n gremial m\u00e1s eficiente y alineada a los objetivos del sector turismo. En la reuni\u00f3n tambi\u00e9n participaron representantes de la Sociedad Hoteles del Per\u00fa (SHP) y de la Asociaci\u00f3n Peruana de Agencias de Viajes y Turismo (APAVIT), quienes acompa\u00f1aron la jornada&#8230;<\/p>\n","protected":false},"author":1,"featured_media":69055,"comment_status":"open","ping_status":"open","sticky":false,"template":"","format":"standard","meta":{"footnotes":""},"categories":[4,84],"tags":[11846,10219,167],"class_list":["post-69054","post","type-post","status-publish","format-standard","has-post-thumbnail","hentry","category-breaking-news","category-internacionales","tag-elenatejeradirectora","tag-semanarioturistamagazine","tag-canatur"],"_links":{"self":[{"href":"https:\/\/www.turistamagazine.com\/v2\/index.php?rest_route=\/wp\/v2\/posts\/69054","targetHints":{"allow":["GET"]}}],"collection":[{"href":"https:\/\/www.turistamagazine.com\/v2\/index.php?rest_route=\/wp\/v2\/posts"}],"about":[{"href":"https:\/\/www.turistamagazine.com\/v2\/index.php?rest_route=\/wp\/v2\/types\/post"}],"author":[{"embeddable":true,"href":"https:\/\/www.turistamagazine.com\/v2\/index.php?rest_route=\/wp\/v2\/users\/1"}],"replies":[{"embeddable":true,"href":"https:\/\/www.turistamagazine.com\/v2\/index.php?rest_route=%2Fwp%2Fv2%2Fcomments&post=69054"}],"version-history":[{"count":1,"href":"https:\/\/www.turistamagazine.com\/v2\/index.php?rest_route=\/wp\/v2\/posts\/69054\/revisions"}],"predecessor-version":[{"id":69056,"href":"https:\/\/www.turistamagazine.com\/v2\/index.php?rest_route=\/wp\/v2\/posts\/69054\/revisions\/69056"}],"wp:featuredmedia":[{"embeddable":true,"href":"https:\/\/www.turistamagazine.com\/v2\/index.php?rest_route=\/wp\/v2\/media\/69055"}],"wp:attachment":[{"href":"https:\/\/www.turistamagazine.com\/v2\/index.php?rest_route=%2Fwp%2Fv2%2Fmedia&parent=69054"}],"wp:term":[{"taxonomy":"category","embeddable":true,"href":"https:\/\/www.turistamagazine.com\/v2\/index.php?rest_route=%2Fwp%2Fv2%2Fcategories&post=69054"},{"taxonomy":"post_tag","embeddable":true,"href":"https:\/\/www.turistamagazine.com\/v2\/index.php?rest_route=%2Fwp%2Fv2%2Ftags&post=69054"}],"curies":[{"name":"wp","href":"https:\/\/api.w.org\/{rel}","templated":true}]}}