{"id":69047,"date":"2026-01-25T15:52:37","date_gmt":"2026-01-25T20:52:37","guid":{"rendered":"https:\/\/www.turistamagazine.com\/v2\/?p=69047"},"modified":"2026-01-25T15:52:37","modified_gmt":"2026-01-25T20:52:37","slug":"fitur-2026-una-feria-en-clave-de-fuerza-dolor-y-futuro-del-turismo-mundial","status":"publish","type":"post","link":"https:\/\/www.turistamagazine.com\/v2\/?p=69047","title":{"rendered":"FITUR 2026: UNA FERIA EN CLAVE DE FUERZA, DOLOR Y FUTURO DEL TURISMO MUNDIAL"},"content":{"rendered":"<p style=\"text-align: justify;\"><strong><em><span style=\"color: #333399;\"><a href=\"https:\/\/www.turistamagazine.com\/v2\/wp-content\/uploads\/2022\/05\/Elena-para-Feinpretudi-5-e1640603204981-1-e1651782698167.jpg\"><img decoding=\"async\" class=\"size-full wp-image-56198 alignleft\" src=\"https:\/\/www.turistamagazine.com\/v2\/wp-content\/uploads\/2022\/05\/Elena-para-Feinpretudi-5-e1640603204981-1-e1651782698167.jpg\" alt=\"\" width=\"112\" height=\"160\" \/><\/a>Por tratarse de un tema que es muy especial para todas las personas involucradas de una u otra forma a la actividad econ\u00f3mica y social que es el turismo,\u00a0 \u00a0esencialmente para los que no pudimos estar presentes, le cedemos nuestro espaci\u00f3 Editorial al Director del Bolet\u00edn Tur\u00edstico \u201cEl Peri\u00f3dico \u00a0del Turismo\u201d, nuestro colega y amigo Manuel Matell\u00e1n, en el que \u00a0hace un resumen de lo que fue FITUR 2026 Elena Tejera*<\/span><\/em><\/strong><\/p>\n<p style=\"text-align: justify;\"><strong><em><span style=\"color: #333399;\">La 46\u00aa edici\u00f3n de FITUR (Feria Internacional de Turismo) ha vuelto a confirmar m\u00e1s que una tendencia: una declaraci\u00f3n de fuerza y madurez del turismo mundial. Con m\u00e1s de 161 pa\u00edses representados, 10.000 empresas expositoras y previsiones que apuntan a m\u00e1s de 250.000 visitantes entre profesionales y p\u00fablico general, la feria consolid\u00f3 en IFEMA Madrid su liderazgo como epicentro global del sector.<\/span><\/em><\/strong><\/p>\n<p style=\"text-align: justify;\"><span style=\"color: #800080;\"><strong><em>Un pulso global reafirmado<\/em><\/strong><\/span><\/p>\n<p style=\"text-align: justify;\"><strong><em><span style=\"color: #333399;\">Desde su inauguraci\u00f3n el pasado 21 de enero y hasta la jornada de cierre, FITUR 2026 se desenvolvi\u00f3 en un contexto de crecimiento continuado del turismo internacional, un sector que ha superado los 1.500 millones de viajeros el a\u00f1o pasado, seg\u00fan datos de organismos especializados. La participaci\u00f3n internacional creci\u00f3 m\u00e1s de un 10 % respecto a ediciones previas, con la incorporaci\u00f3n de 18 nuevos pa\u00edses y regiones, provenientes principalmente de \u00c1frica y Asia-Pac\u00edfico, que reflejan una diversificaci\u00f3n geogr\u00e1fica en pleno auge.<\/span><\/em><\/strong><\/p>\n<p style=\"text-align: justify;\"><strong><em><span style=\"color: #333399;\">Este despliegue \u2014no s\u00f3lo cuantitativo sino cualitativo\u2014 reafirma algo innegable: FITUR sigue siendo el gran foro mundial donde se negocia, se proyecta y se redefine el turismo del futuro. La apuesta por la tecnolog\u00eda, el conocimiento sectorial y experiencias inmersivas muestra un certamen que no es meramente una vitrina, sino un laboratorio de tendencias. Es la\u00a0 feria de la vanidades, si. Cada destino\u00a0\u00a0\u00a0 viene\u00a0 a presumir de los \u00a0atractivos que tiene\u00a0 y trata\u00a0 de competir\u00a0 con medio mundo\u00a0 que se\u00a0 muestra\u00a0 al\u00a0 costado, pero\u00a0 eso,\u00a0 no quita que aparezca como una plataforma\u00a0 de emociones que enamoran\u00a0 a quienes\u00a0 tienen la inquietud de\u00a0 viajar.<\/span><\/em><\/strong><\/p>\n<p style=\"text-align: justify;\"><span style=\"color: #800080;\"><strong><em>Sombras en la inauguraci\u00f3n: dolor y ausencia<\/em><\/strong><\/span><\/p>\n<p style=\"text-align: justify;\"><strong><em><span style=\"color: #333399;\">Pero este a\u00f1o, FITUR 2026 no puede describirse sin mencionar la marca profunda que la tragedia ferroviaria de Adamuz dej\u00f3 en la apertura del evento. La inauguraci\u00f3n, presidida por los Reyes de Espa\u00f1a, estuvo precedida por un clima de luto oficial que perme\u00f3 la ceremonia y en el que se guard\u00f3 un emotivo minuto de silencio en memoria de las v\u00edctimas.<\/span><\/em><\/strong><\/p>\n<p style=\"text-align: justify;\"><strong><em><span style=\"color: #333399;\">Sin embargo, la ausencia de representantes de Renfe en su propio stand, ni siquiera de personal de informaci\u00f3n o azafatas para explicar causas y medidas tras el accidente, fue objeto de cr\u00edtica entre asistentes profesionales y periodistas: muchos opinaron que esta ausencia institucional, aunque se justificara por respeto a las v\u00edctimas, transmiti\u00f3 la impresi\u00f3n de una desconexi\u00f3n entre la empresa ferroviaria y el sector que acud\u00eda a debatir conectividad y movilidad, pilares esenciales del turismo. Este silencio corporativo fue una de las notas discordantes m\u00e1s comentadas en los pasillos.<\/span><\/em><\/strong><\/p>\n<p style=\"text-align: justify;\"><span style=\"color: #800080;\"><strong><em>Colas, seguridad y meteorolog\u00eda: el factor humano y clim\u00e1tico<\/em><\/strong><\/span><\/p>\n<p style=\"text-align: justify;\"><strong><em><span style=\"color: #333399;\">El primer d\u00eda de apertura estuvo marcado por largas colas en los accesos, vistas que algunos sectores atribuyeron a la visita del Rey y las aumentadas medidas de seguridad adoptadas en respuesta al contexto de luto y preocupaci\u00f3n social, pero coincidi\u00f3 en el peor\u00a0 momento: justo a la hora\u00a0 de la\u00a0 apertura, cuando\u00a0 cada\u00a0 expositor acud\u00eda a su stand. La persistente lluvia que azot\u00f3 Madrid durante varias jornadas a\u00f1adi\u00f3 un componente climatol\u00f3gico desfavorable, que muchos visitantes sintieron como un desaf\u00edo adicional a la experiencia ferial.<\/span><\/em><\/strong><\/p>\n<p style=\"text-align: justify;\"><strong><em><span style=\"color: #333399;\">A estas circunstancias se sumaron las demoras en el servicio AVE, con retrasos que superaron en ocasiones las dos horas, producto de las consecuencias log\u00edsticas tras el accidente ferroviario. Estas incidencias impactaron negativamente en la llegada de delegaciones y profesionales internacionales, generando frustraci\u00f3n y replanteamientos sobre la resiliencia de las infraestructuras clave para el turismo.<\/span><\/em><\/strong><\/p>\n<p style=\"text-align: justify;\"><span style=\"color: #800080;\"><strong><em>Tecnolog\u00eda, dise\u00f1o y espect\u00e1culo: los dos rostros de los pabellones<\/em><\/strong><\/span><\/p>\n<p style=\"text-align: justify;\"><strong><em><span style=\"color: #333399;\">En contraste con las tensiones humanas y f\u00edsicas del inicio, los pabellones de IFEMA brillaron con una intensidad visual y tecnol\u00f3gica impresionante. Los stands desafiaron los l\u00edmites del dise\u00f1o: estructuras imposibles, iluminaci\u00f3n LED de \u00faltima generaci\u00f3n y pantallas gigantescas que contaban historias de destinos emergentes y consolidados por igual.<\/span><\/em><\/strong><\/p>\n<p style=\"text-align: justify;\"><strong><em><span style=\"color: #333399;\">El Pabell\u00f3n 12, dedicado \u00edntegramente a las innovaciones tecnol\u00f3gicas del sector, fue uno de los espacios m\u00e1s visitados. All\u00ed se reunieron empresas que abarcan desde software de gesti\u00f3n tur\u00edstica hasta soluciones hardware para experiencias inmersivas, realidad aumentada y sistemas de inteligencia tur\u00edstica aplicados a destinos urbanos y rurales. Este pabell\u00f3n se constituy\u00f3 en un s\u00edmbolo de la ferocidad con que el turismo abraza la transformaci\u00f3n digital.<\/span><\/em><\/strong><\/p>\n<p style=\"text-align: justify;\"><span style=\"color: #800080;\"><strong><em>Premios y reconocimiento: \u00bfobjetivos o pol\u00edticos?<\/em><\/strong><\/span><\/p>\n<p style=\"text-align: justify;\"><strong><em><span style=\"color: #333399;\">Como siempre, la entrega de premios en FITUR gener\u00f3 debates. Aunque muchos galardones celebraron proyectos innovadores y campa\u00f1as de promoci\u00f3n valiosas, hubo observadores que interpretaron ciertos reconocimientos como m\u00e1s alineados con criterios pol\u00edticos que con m\u00e9ritos estrictamente t\u00e9cnicos o creativos. Este tipo de tensiones muestra que incluso en un evento tan consolidado, las valoraciones de excelencia siguen siendo subjetivas y, a veces, discutibles.<\/span><\/em><\/strong><\/p>\n<p style=\"text-align: justify;\"><span style=\"color: #800080;\"><strong><em>M\u00e9xico como pa\u00eds invitado: una presencia omnipresente<\/em><\/strong><\/span><\/p>\n<p style=\"text-align: justify;\"><strong><em><span style=\"color: #333399;\">En t\u00e9rminos de impacto cultural y visual, la presencia de M\u00e9xico como pa\u00eds socio de esta edici\u00f3n fue innegable y omnipresente. Desde folletos y banderolas hasta activaciones continuas y amenities tematizados, M\u00e9xico perme\u00f3 la feria con una narrativa coherente y ambiciosa, apoyada en cifras de crecimiento tur\u00edstico superiores al 13 % en 2025 y con la intenci\u00f3n de escalar su presencia global.<\/span><\/em><\/strong><\/p>\n<p style=\"text-align: justify;\"><strong><em><span style=\"color: #333399;\">Este despliegue, seguido de cerca por delegaciones latinoamericanas y del Caribe, pone en perspectiva la competencia que ya se anticipa para Puerto Rico como pa\u00eds invitado en FITUR 2027, que seguramente tomar\u00e1 nota del enfoque y magnitud mexicana para intentar superarlo.<\/span><\/em><\/strong><\/p>\n<p style=\"text-align: justify;\"><span style=\"color: #800080;\"><strong><em>Conclusi\u00f3n: un FITUR de contrastes y proyecci\u00f3n<\/em><\/strong><\/span><\/p>\n<p style=\"text-align: justify;\"><strong><em><span style=\"color: #333399;\">FITUR 2026 fue una feria que confirm\u00f3 la fortaleza estructural del turismo internacional y de Madrid como epicentro global del sector. Los n\u00fameros \u2014participaci\u00f3n r\u00e9cord, impacto econ\u00f3mico estimado superior a 500 millones de euros y la diversidad de destinos y empresas presentes\u2014 refuerzan la idea de que la feria sigue siendo una plataforma irrenunciable para el di\u00e1logo, la innovaci\u00f3n y la promoci\u00f3n global.<\/span><\/em><\/strong><\/p>\n<p style=\"text-align: justify;\"><span style=\"color: #800080;\"><strong><em>Pero tambi\u00e9n fue un FITUR inscrito en una humanidad herida: la sombra del accidente ferroviario, la ausencia de ciertos protagonistas institucionales y las dificultades log\u00edsticas recordaron que el turismo no se separa de la vida real y de sus fragilidades.<\/em><\/strong><\/span><\/p>\n<p style=\"text-align: justify;\"><strong><em><span style=\"color: #333399;\">En ese equilibrio entre espect\u00e1culo, tecnolog\u00eda, dolor y crecimiento, FITUR 2026 no s\u00f3lo reflej\u00f3 el momento del turismo mundial, sino que proyect\u00f3 desaf\u00edos y oportunidades que resonar\u00e1n mucho m\u00e1s all\u00e1 de las puertas de IFEMA.<\/span><\/em><\/strong><\/p>\n<p><span style=\"color: #333399;\"><em><strong>*Elena Tejera<\/strong><\/em><\/span><\/p>\n<p><span style=\"color: #333399;\"><em><strong>Directora<\/strong><\/em><\/span><\/p>\n<p><span style=\"color: #333399;\"><em><strong>Master en Turismo y Comunicaci\u00f3n<\/strong><\/em><\/span><\/p>\n<p><a href=\"https:\/\/www.turistamagazine.com\/v2\/wp-content\/uploads\/2022\/11\/Logo-N-uevo.png\"><img decoding=\"async\" class=\"alignnone size-full wp-image-58747\" src=\"https:\/\/www.turistamagazine.com\/v2\/wp-content\/uploads\/2022\/11\/Logo-N-uevo.png\" alt=\"\" width=\"630\" height=\"327\" srcset=\"https:\/\/www.turistamagazine.com\/v2\/wp-content\/uploads\/2022\/11\/Logo-N-uevo.png 630w, https:\/\/www.turistamagazine.com\/v2\/wp-content\/uploads\/2022\/11\/Logo-N-uevo-300x156.png 300w, https:\/\/www.turistamagazine.com\/v2\/wp-content\/uploads\/2022\/11\/Logo-N-uevo-610x317.png 610w\" sizes=\"(max-width: 630px) 100vw, 630px\" \/><\/a><\/p>\n<p style=\"text-align: justify;\">\n","protected":false},"excerpt":{"rendered":"<p>Por tratarse de un tema que es muy especial para todas las personas involucradas de una u otra forma a la actividad econ\u00f3mica y social que es el turismo,\u00a0 \u00a0esencialmente para los que no pudimos estar presentes, le cedemos nuestro espaci\u00f3 Editorial al Director del Bolet\u00edn Tur\u00edstico \u201cEl Peri\u00f3dico \u00a0del Turismo\u201d, nuestro colega y amigo Manuel Matell\u00e1n, en el que \u00a0hace un resumen de lo que fue FITUR 2026 Elena Tejera* La 46\u00aa edici\u00f3n de FITUR (Feria Internacional de Turismo) ha vuelto a confirmar m\u00e1s que una tendencia: una declaraci\u00f3n de fuerza y madurez del turismo mundial. Con m\u00e1s de&#8230;<\/p>\n","protected":false},"author":1,"featured_media":0,"comment_status":"open","ping_status":"open","sticky":false,"template":"","format":"standard","meta":{"footnotes":""},"categories":[345],"tags":[11846,13681,13708,10219],"class_list":["post-69047","post","type-post","status-publish","format-standard","hentry","category-editorial","tag-elenatejeradirectora","tag-fitur206","tag-manuelmatellan","tag-semanarioturistamagazine"],"_links":{"self":[{"href":"https:\/\/www.turistamagazine.com\/v2\/index.php?rest_route=\/wp\/v2\/posts\/69047","targetHints":{"allow":["GET"]}}],"collection":[{"href":"https:\/\/www.turistamagazine.com\/v2\/index.php?rest_route=\/wp\/v2\/posts"}],"about":[{"href":"https:\/\/www.turistamagazine.com\/v2\/index.php?rest_route=\/wp\/v2\/types\/post"}],"author":[{"embeddable":true,"href":"https:\/\/www.turistamagazine.com\/v2\/index.php?rest_route=\/wp\/v2\/users\/1"}],"replies":[{"embeddable":true,"href":"https:\/\/www.turistamagazine.com\/v2\/index.php?rest_route=%2Fwp%2Fv2%2Fcomments&post=69047"}],"version-history":[{"count":1,"href":"https:\/\/www.turistamagazine.com\/v2\/index.php?rest_route=\/wp\/v2\/posts\/69047\/revisions"}],"predecessor-version":[{"id":69048,"href":"https:\/\/www.turistamagazine.com\/v2\/index.php?rest_route=\/wp\/v2\/posts\/69047\/revisions\/69048"}],"wp:attachment":[{"href":"https:\/\/www.turistamagazine.com\/v2\/index.php?rest_route=%2Fwp%2Fv2%2Fmedia&parent=69047"}],"wp:term":[{"taxonomy":"category","embeddable":true,"href":"https:\/\/www.turistamagazine.com\/v2\/index.php?rest_route=%2Fwp%2Fv2%2Fcategories&post=69047"},{"taxonomy":"post_tag","embeddable":true,"href":"https:\/\/www.turistamagazine.com\/v2\/index.php?rest_route=%2Fwp%2Fv2%2Ftags&post=69047"}],"curies":[{"name":"wp","href":"https:\/\/api.w.org\/{rel}","templated":true}]}}